{"id":188,"date":"2019-07-01T14:13:27","date_gmt":"2019-07-01T14:13:27","guid":{"rendered":"https:\/\/cincinatos.org\/portal\/?p=188"},"modified":"2019-07-10T09:30:03","modified_gmt":"2019-07-10T09:30:03","slug":"paralizados-por-unos-irresponsables","status":"publish","type":"post","link":"https:\/\/cincinatos.org\/portal\/paralizados-por-unos-irresponsables\/","title":{"rendered":"Paralizados por unos irresponsables"},"content":{"rendered":"<p>&nbsp;<\/p>\n<p><img decoding=\"async\" loading=\"lazy\" class=\"aligncenter wp-image-190\" src=\"https:\/\/cincinatos.org\/portal\/wp-content\/uploads\/2019\/07\/EP_candidatos.jpg\" alt=\"\" width=\"686\" height=\"387\" srcset=\"https:\/\/cincinatos.org\/portal\/wp-content\/uploads\/2019\/07\/EP_candidatos.jpg 980w, https:\/\/cincinatos.org\/portal\/wp-content\/uploads\/2019\/07\/EP_candidatos-300x169.jpg 300w, https:\/\/cincinatos.org\/portal\/wp-content\/uploads\/2019\/07\/EP_candidatos-768x433.jpg 768w, https:\/\/cincinatos.org\/portal\/wp-content\/uploads\/2019\/07\/EP_candidatos-700x395.jpg 700w\" sizes=\"(max-width: 686px) 100vw, 686px\" \/><\/p>\n<p><strong>Art\u00edculo de Manuel Vicente Navas<\/strong><\/p>\n<p>&nbsp;<\/p>\n<ul>\n<li><strong><em>La &#8216;nueva pol\u00edtica&#8217;, lejos de mejorar el sistema y propiciar la necesaria regeneraci\u00f3n democr\u00e1tica, est\u00e1 derivando en una din\u00e1mica de incertidumbres que atenaza a la sociedad espa\u00f1ola, afectando gravemente a su toma de decisiones. <\/em><\/strong><\/li>\n<li><strong><em>Tres a\u00f1os despu\u00e9s, la &#8216;nueva pol\u00edtica&#8217; nos lleva a a\u00f1orar al viejo bipartidismo corrompido ya que nunca antes Espa\u00f1a hab\u00eda vivido una par\u00e1lisis de tal magnitud como la que hoy sufre.<\/em><\/strong><\/li>\n<li><strong><em>Y si el siguiente resultado tampoco le gustara a \u201clos cuatro irresponsables\u201d, \u00bfhabr\u00eda que celebrar otras elecciones? Y as\u00ed, \u00bfhasta cu\u00e1ndo? \u00bfQuiz\u00e1 hasta que el descontento de los ciudadanos les lleve a no votar?<\/em><\/strong><\/li>\n<\/ul>\n<p><strong><span style=\"color: #0000ff;\">Continuar lectura&#8230; haga \u00abclic\u00bb sobre el enlace inferior \u00abRead More\u00bb.<\/span><\/strong><\/p>\n<p><!--more--><\/p>\n<p>La dirigencia pol\u00edtica espa\u00f1ola ha generado a lo largo de los a\u00f1os multitud de esl\u00f3ganes y creencias que han sido asumidos por los ciudadanos como verdades ciertas sin necesidad de ser cuestionadas puesto que eran pronunciadas por pol\u00edticos de alg\u00fan prestigio a quienes se otorgaba total credibilidad. El \u00faltimo fen\u00f3meno de invenci\u00f3n pol\u00edtica que, sin embargo, se ha revelado como un gran fiasco ha sido aquella patra\u00f1a de &#8216;la nueva pol\u00edtica&#8217; acu\u00f1ada previamente a las elecciones de 2015 cuando Podemos y Ciudadanos irrump\u00edan ante la sociedad espa\u00f1ola como relevos de unos partidos tradicionales a los que pr\u00e1cticamente se consideraba en fase de desaparici\u00f3n.<\/p>\n<p>Tres a\u00f1os despu\u00e9s, la &#8216;nueva pol\u00edtica&#8217; nos lleva a a\u00f1orar al viejo bipartidismo corrompido ya que nunca antes Espa\u00f1a hab\u00eda vivido una par\u00e1lisis de tal magnitud como la que hoy sufre, por culpa de una clase pol\u00edtica incapaz de dedicarse a solucionar los problemas sociales, cuanto menos a vislumbrar aquellos otros que se est\u00e1n gestando y que pronto se convertir\u00e1n en r\u00e9moras para nuestro desarrollo.<\/p>\n<p>La &#8216;nueva pol\u00edtica&#8217;, lejos de mejorar el sistema y propiciar la necesaria regeneraci\u00f3n democr\u00e1tica, est\u00e1 derivando en una din\u00e1mica de incertidumbres que atenaza a la sociedad espa\u00f1ola, afectando gravemente a su toma de decisiones. A pesar de que los datos macro nos muestran una econom\u00eda de cierto vigor, la verdad es que la actividad productiva se ci\u00f1e a la pujanza del sector tur\u00edstico, cuya inherente temporalidad, precariedad laboral y escasa aportaci\u00f3n de valor a\u00f1adido restan fortaleza a la estructura econ\u00f3mica nacional. Consecuencias de la endeblez econ\u00f3mica de Espa\u00f1a son, desde la vertiente empresarial, la ausencia de inversiones en sectores productivos de mayor riesgo como el industrial o el tecnol\u00f3gico, y, desde un punto de vista social, la imposibilidad de adentrarse en proyectos personales de futuro como la formaci\u00f3n de una familia.<\/p>\n<p>Recientemente manifestaba el Presidente auton\u00f3mico de Extremadura que \u201cactualmente tenemos un problema de falta de empleo para las personas pero pronto tendremos un problema de falta de personas para los empleos\u201d. Lamentablemente, su frase se queda en un brindis al sol, una declaraci\u00f3n de intenciones sin plasmaci\u00f3n real en pol\u00edticas que otorguen confianza para que las generaciones nuevas de espa\u00f1oles no vean con miedo el hecho de tener descendientes. No s\u00f3lo Guillermo Fern\u00e1ndez Vara, todos los pol\u00edticos espa\u00f1oles son conocedores de este problema nacional y de que su soluci\u00f3n s\u00f3lo puede proceder de acciones conjuntas de todas las administraciones en que -maldita sea la hora- se ha troceado a este pa\u00eds ya que un clima de desconfianza general no desaparece con ayuditas ni descuentos fiscales coyunturales sino con pol\u00edticas integrales que ofrezcan un m\u00ednimo de seguridad futura.<\/p>\n<p>En las actuales circunstancias de pol\u00edticos cortoplacistas preocupados \u00fanicamente de conservar sus parcelas de poder es absurdo confiar en que problemas de tanta enjundia vayan a contar con su atenci\u00f3n. La dirigencia nacional est\u00e1 demasiado atareada en resolver sus propios problemas. En primer lugar, sus dificultades para conservar el poder dentro de sus respectivos partidos. Precisamente los de la &#8216;nueva pol\u00edtica&#8217; est\u00e1n reproduciendo en este punto los mismos vicios que los tradicionales, sufriendo, tanto Podemos como Ciudadanos, escisiones y dimisiones de dirigentes descontentos con las actitudes autoritarias de sus l\u00edderes, Pablo Iglesias y Albert Rivera, quienes est\u00e1n quedando invalidados para mostrarse como regeneradores de la pol\u00edtica nacional. Mientras tanto, en los partidos tradicionales, Pedro S\u00e1nchez y Pablo Casado se limitan a mirar c\u00f3mo se desinflan sus oponentes ideol\u00f3gicos (Podemos y Vox) a la espera de una fusi\u00f3n por absorci\u00f3n en las pr\u00f3ximas elecciones, a las cuales est\u00e1n deseosos de llegar aunque ello suponga mantener la par\u00e1lisis del pa\u00eds.<\/p>\n<p>\u00c9sta es la verdadera preocupaci\u00f3n de la indeseable clase pol\u00edtica que nos gobierna mientras se agravan problemas estructurales como la debilidad de nuestra estructura econ\u00f3mica -a pesar de que los \u00edndices de crecimiento sean positivos-, la insostenibilidad del sistema de pensiones o el dram\u00e1tico descenso de la natalidad. Su visi\u00f3n cortoplacista, s\u00f3lo pendiente de los votos presentes y de lo que hace unos a\u00f1os defini\u00f3 Felipe Gonz\u00e1lez como \u201clo inmedi\u00e1tico\u201d, les incapacita para realizar an\u00e1lisis profundos que supongan soluciones a las cuestiones de fondo que impiden el desarrollo de la sociedad espa\u00f1ola como tal.<\/p>\n<p>En estos momentos, es imposible imaginar a alguno de los cuatro \u00faltimos candidatos a la Presidencia del Gobierno adoptando decisiones del suficiente calado como para afrontar los problemas antes mencionados, pues ninguno de ellos nos ha mostrado las dosis de carisma y empaque personal como para confiar en sus habilidades para liderar el proceso de motivaci\u00f3n que necesita la sociedad espa\u00f1ola. A poco que se atienda a sus pronunciamientos, se percibe de inmediato que ninguno de los cuatro l\u00edderes con alguna opci\u00f3n de Gobierno ofrece un proyecto ilusionante ni mensajes de motivaci\u00f3n que eleven la confianza de los ciudadanos en sus cualidades sino que se limitan a despreciar y denostar las actuaciones de sus contrincantes, en los cuales delegan todas las responsabilidades que ninguno de ellos son capaces de asumir. El debate sobre la investidura de Pedro S\u00e1nchez lo est\u00e1 volviendo a poner de manifiesto.<\/p>\n<p>Si, como es probable, dentro de unos meses se convocan otras elecciones generales, ser\u00e1 porque \u201clos cuatro irresponsables\u201d han sido incapaces de aceptar la opini\u00f3n expresada en las urnas por los ciudadanos, a los cuales devolver\u00e1n la responsabilidad de volver a elegir a sus representantes en el Congreso para que se designe a un presidente del Gobierno. Y si el siguiente resultado tampoco le gustara a \u201clos cuatro irresponsables\u201d, \u00bfhabr\u00eda que celebrar otras elecciones? Y as\u00ed, \u00bfhasta cu\u00e1ndo? \u00bfQuiz\u00e1 hasta que el descontento de los ciudadanos les lleve a no votar?<\/p>\n<p><strong>Paralizados por unos irresponsables<\/strong><\/p>\n<p>La dirigencia pol\u00edtica espa\u00f1ola ha generado a lo largo de los a\u00f1os multitud de esl\u00f3ganes y creencias que han sido asumidos por los ciudadanos como verdades ciertas sin necesidad de ser cuestionadas puesto que eran pronunciadas por pol\u00edticos de alg\u00fan prestigio a quienes se otorgaba total credibilidad. El \u00faltimo fen\u00f3meno de invenci\u00f3n pol\u00edtica que, sin embargo, se ha revelado como un gran fiasco ha sido aquella patra\u00f1a de &#8216;la nueva pol\u00edtica&#8217; acu\u00f1ada previamente a las elecciones de 2015 cuando Podemos y Ciudadanos irrump\u00edan ante la sociedad espa\u00f1ola como relevos de unos partidos tradicionales a los que pr\u00e1cticamente se consideraba en fase de desaparici\u00f3n.<\/p>\n<p>Tres a\u00f1os despu\u00e9s, la &#8216;nueva pol\u00edtica&#8217; nos lleva a a\u00f1orar al viejo bipartidismo corrompido ya que nunca antes Espa\u00f1a hab\u00eda vivido una par\u00e1lisis de tal magnitud como la que hoy sufre, por culpa de una clase pol\u00edtica incapaz de dedicarse a solucionar los problemas sociales, cuanto menos a vislumbrar aquellos otros que se est\u00e1n gestando y que pronto se convertir\u00e1n en r\u00e9moras para nuestro desarrollo.<\/p>\n<p>La &#8216;nueva pol\u00edtica&#8217;, lejos de mejorar el sistema y propiciar la necesaria regeneraci\u00f3n democr\u00e1tica, est\u00e1 derivando en una din\u00e1mica de incertidumbres que atenaza a la sociedad espa\u00f1ola, afectando gravemente a su toma de decisiones. A pesar de que los datos macro nos muestran una econom\u00eda de cierto vigor, la verdad es que la actividad productiva se ci\u00f1e a la pujanza del sector tur\u00edstico, cuya inherente temporalidad, precariedad laboral y escasa aportaci\u00f3n de valor a\u00f1adido restan fortaleza a la estructura econ\u00f3mica nacional. Consecuencias de la endeblez econ\u00f3mica de Espa\u00f1a son, desde la vertiente empresarial, la ausencia de inversiones en sectores productivos de mayor riesgo como el industrial o el tecnol\u00f3gico, y, desde un punto de vista social, la imposibilidad de adentrarse en proyectos personales de futuro como la formaci\u00f3n de una familia.<\/p>\n<p>Recientemente manifestaba el presidente auton\u00f3mico de Extremadura que \u201cactualmente tenemos un problema de falta de empleo para las personas pero pronto tendremos un problema de falta de personas para los empleos\u201d. Lamentablemente, su frase se queda en un brindis al sol, una declaraci\u00f3n de intenciones sin plasmaci\u00f3n real en pol\u00edticas que otorguen confianza para que las generaciones nuevas de espa\u00f1oles no vean con miedo el hecho de tener descendientes. No s\u00f3lo Guillermo Fern\u00e1ndez Vara, todos los pol\u00edticos espa\u00f1oles son conocedores de este problema nacional y de que su soluci\u00f3n s\u00f3lo puede proceder de acciones conjuntas de todas las administraciones en que -maldita sea la hora- se ha troceado a este pa\u00eds ya que un clima de desconfianza general no desaparece con ayuditas ni descuentos fiscales coyunturales sino con pol\u00edticas integrales que ofrezcan un m\u00ednimo de seguridad futura.<\/p>\n<p>En las actuales circunstancias de pol\u00edticos cortoplacistas preocupados \u00fanicamente de conservar sus parcelas de poder es absurdo confiar en que problemas de tanta enjundia vayan a contar con su atenci\u00f3n. La dirigencia nacional est\u00e1 demasiado atareada en resolver sus propios problemas. En primer lugar, sus dificultades para conservar el poder dentro de sus respectivos partidos. Precisamente los de la &#8216;nueva pol\u00edtica&#8217; est\u00e1n reproduciendo en este punto los mismos vicios que los tradicionales, sufriendo, tanto Podemos como Ciudadanos, escisiones y dimisiones de dirigentes descontentos con las actitudes autoritarias de sus l\u00edderes, Pablo Iglesias y Albert Rivera, quienes est\u00e1n quedando invalidados para mostrarse como regeneradores de la pol\u00edtica nacional. Mientras tanto, en los partidos tradicionales, Pedro S\u00e1nchez y Pablo Casado se limitan a mirar c\u00f3mo se desinflan sus oponentes ideol\u00f3gicos (Podemos y Vox) a la espera de una fusi\u00f3n por absorci\u00f3n en las pr\u00f3ximas elecciones, a las cuales est\u00e1n deseosos de llegar aunque ello suponga mantener la par\u00e1lisis del pa\u00eds.<\/p>\n<p>\u00c9sta es la verdadera preocupaci\u00f3n de la indeseable clase pol\u00edtica que nos gobierna mientras se agravan problemas estructurales como la debilidad de nuestra estructura econ\u00f3mica -a pesar de que los \u00edndices de crecimiento sean positivos-, la insostenibilidad del sistema de pensiones o el dram\u00e1tico descenso de la natalidad. Su visi\u00f3n cortoplacista, s\u00f3lo pendiente de los votos presentes y de lo que hace unos a\u00f1os defini\u00f3 Felipe Gonz\u00e1lez como \u201clo inmedi\u00e1tico\u201d, les incapacita para realizar an\u00e1lisis profundos que supongan soluciones a las cuestiones de fondo que impiden el desarrollo de la sociedad espa\u00f1ola como tal.<\/p>\n<p>En estos momentos, es imposible imaginar a alguno de los cuatro \u00faltimos candidatos a la Presidencia del Gobierno adoptando decisiones del suficiente calado como para afrontar los problemas antes mencionados, pues ninguno de ellos nos ha mostrado las dosis de carisma y empaque personal como para confiar en sus habilidades para liderar el proceso de motivaci\u00f3n que necesita la sociedad espa\u00f1ola. A poco que se atienda a sus pronunciamientos, se percibe de inmediato que ninguno de los cuatro l\u00edderes con alguna opci\u00f3n de Gobierno ofrece un proyecto ilusionante ni mensajes de motivaci\u00f3n que eleven la confianza de los ciudadanos en sus cualidades sino que se limitan a despreciar y denostar las actuaciones de sus contrincantes, en los cuales delegan todas las responsabilidades que ninguno de ellos son capaces de asumir. El debate sobre la investidura de Pedro S\u00e1nchez lo est\u00e1 volviendo a poner de manifiesto.<\/p>\n<p>Si, como es probable, dentro de unos meses se convocan otras elecciones generales, ser\u00e1 porque \u201clos cuatro irresponsables\u201d han sido incapaces de aceptar la opini\u00f3n expresada en las urnas por los ciudadanos, a los cuales devolver\u00e1n la responsabilidad de volver a elegir a sus representantes en el Congreso para que se designe a un presidente del Gobierno. Y si el siguiente resultado tampoco le gustara a \u201clos cuatro irresponsables\u201d, \u00bfhabr\u00eda que celebrar otras elecciones? Y as\u00ed, \u00bfhasta cu\u00e1ndo? \u00bfQuiz\u00e1 hasta que el descontento de los ciudadanos les lleve a no votar?<\/p>\n<p>De momento, el primer paso ya se ha dado, lo refleja el CIS en todos sus bar\u00f3metros al situar a los pol\u00edticos como el segundo problema para los espa\u00f1oles. Otra cuesti\u00f3n a la que nuestra dirigencia es incapaz de dar respuesta y ante la que los propios ciudadanos debemos actuar. Para eso nace Cincinatos.<\/p>\n<p>&nbsp;<\/p>\n<p><img decoding=\"async\" loading=\"lazy\" class=\"size-medium wp-image-73 aligncenter\" src=\"https:\/\/cincinatos.org\/portal\/wp-content\/uploads\/2019\/06\/Distintivo-CINCINATOS-300x300.jpg\" alt=\"\" width=\"300\" height=\"300\" srcset=\"https:\/\/cincinatos.org\/portal\/wp-content\/uploads\/2019\/06\/Distintivo-CINCINATOS-300x300.jpg 300w, https:\/\/cincinatos.org\/portal\/wp-content\/uploads\/2019\/06\/Distintivo-CINCINATOS-150x150.jpg 150w, https:\/\/cincinatos.org\/portal\/wp-content\/uploads\/2019\/06\/Distintivo-CINCINATOS.jpg 639w\" sizes=\"(max-width: 300px) 100vw, 300px\" \/><\/p>\n","protected":false},"excerpt":{"rendered":"<p>&nbsp; Art\u00edculo de Manuel Vicente Navas &nbsp; La &#8216;nueva pol\u00edtica&#8217;, lejos de mejorar el sistema y propiciar la necesaria regeneraci\u00f3n democr\u00e1tica, est\u00e1 derivando en una din\u00e1mica de incertidumbres que atenaza a la sociedad espa\u00f1ola, afectando gravemente a su toma de decisiones. Tres a\u00f1os despu\u00e9s, la &#8216;nueva pol\u00edtica&#8217; nos lleva a a\u00f1orar al viejo bipartidismo corrompido &#8230; <a title=\"Paralizados por unos irresponsables\" class=\"read-more\" href=\"https:\/\/cincinatos.org\/portal\/paralizados-por-unos-irresponsables\/\" aria-label=\"M\u00e1s en Paralizados por unos irresponsables\">Leer m\u00e1s<\/a><\/p>\n","protected":false},"author":8,"featured_media":0,"comment_status":"open","ping_status":"open","sticky":false,"template":"","format":"standard","meta":[],"categories":[3,16],"tags":[17],"_links":{"self":[{"href":"https:\/\/cincinatos.org\/portal\/wp-json\/wp\/v2\/posts\/188"}],"collection":[{"href":"https:\/\/cincinatos.org\/portal\/wp-json\/wp\/v2\/posts"}],"about":[{"href":"https:\/\/cincinatos.org\/portal\/wp-json\/wp\/v2\/types\/post"}],"author":[{"embeddable":true,"href":"https:\/\/cincinatos.org\/portal\/wp-json\/wp\/v2\/users\/8"}],"replies":[{"embeddable":true,"href":"https:\/\/cincinatos.org\/portal\/wp-json\/wp\/v2\/comments?post=188"}],"version-history":[{"count":0,"href":"https:\/\/cincinatos.org\/portal\/wp-json\/wp\/v2\/posts\/188\/revisions"}],"wp:attachment":[{"href":"https:\/\/cincinatos.org\/portal\/wp-json\/wp\/v2\/media?parent=188"}],"wp:term":[{"taxonomy":"category","embeddable":true,"href":"https:\/\/cincinatos.org\/portal\/wp-json\/wp\/v2\/categories?post=188"},{"taxonomy":"post_tag","embeddable":true,"href":"https:\/\/cincinatos.org\/portal\/wp-json\/wp\/v2\/tags?post=188"}],"curies":[{"name":"wp","href":"https:\/\/api.w.org\/{rel}","templated":true}]}}