{"id":314,"date":"2019-10-01T10:55:13","date_gmt":"2019-10-01T10:55:13","guid":{"rendered":"https:\/\/cincinatos.org\/portal\/?p=314"},"modified":"2019-10-02T07:17:20","modified_gmt":"2019-10-02T07:17:20","slug":"aniversario-inquietante-del-1-o","status":"publish","type":"post","link":"https:\/\/cincinatos.org\/portal\/aniversario-inquietante-del-1-o\/","title":{"rendered":"Aniversario inquietante del 1-O"},"content":{"rendered":"<div class=\"article-content entry-content\">\n<div><\/div>\n<div class=\"separator\"><a href=\"https:\/\/1.bp.blogspot.com\/-Lg01SdgMBwU\/XZJ9Uq2t4qI\/AAAAAAAABzo\/ebM66uosfr8h83rEMFfNtL3GrBCA7WIQQCLcBGAsYHQ\/s1600\/catalu%25C3%25B1a.jpg\"><img decoding=\"async\" loading=\"lazy\" class=\"aligncenter\" src=\"https:\/\/1.bp.blogspot.com\/-Lg01SdgMBwU\/XZJ9Uq2t4qI\/AAAAAAAABzo\/ebM66uosfr8h83rEMFfNtL3GrBCA7WIQQCLcBGAsYHQ\/s640\/catalu%25C3%25B1a.jpg\" width=\"640\" height=\"360\" border=\"0\" data-original-height=\"552\" data-original-width=\"980\" \/><\/a><\/div>\n<p><span style=\"font-size: 12pt; font-family: georgia, palatino, serif;\"><b>Art\u00edculo de Cornelia Cinna\/Mar Gij\u00f3n<\/b><\/span><\/p>\n<div>\n<p><span style=\"font-size: 12pt; font-family: georgia, palatino, serif;\"><em><strong>\u00bfRecibi\u00f3 Andreu Mart\u00ednez \u00f3rdenes que van contra el ordenamiento jur\u00eddico? Si es as\u00ed, \u00bfpor qu\u00e9 no lo denuncia? \u00bfO lo han hecho dimitir?\u00bfPor qu\u00e9 no ha recurrido ya el Gobierno de Espa\u00f1a las resoluciones del Parlamento catal\u00e1n? \u00bfPor qu\u00e9 no ha aplicado de manera inmediata el art\u00edculo 155 o la Ley de Seguridad Nacional como medida transitoria? \u00bfPor qu\u00e9 no se ha llamado a declarar a Torra? \u00bfA qu\u00e9 espera la Fiscal\u00eda?<\/strong><\/em><\/span><\/p>\n<p><span style=\"font-size: 12pt; font-family: georgia, palatino, serif;\"><!--more-->Estos d\u00edas se han blanqueado las detenciones de presuntos terroristas; se han lanzado discursos incendiarios y de odio, soflamas, aspavientos y teatralizaciones como el pancantismo de Ba\u00f1os y Llach, llamadas a la radicalizaci\u00f3n, a manifestaciones y a la desobediencia civil canalizadas en los mass media y RRSS, incluso desde las m\u00e1s altas instituciones catalanas.<\/span><\/p>\n<div><span style=\"font-size: 12pt; font-family: georgia, palatino, serif;\">En esa l\u00ednea, publicaron Jordi Cuixart y Jordi S\u00e0nchez al filo de la noche de ayer: \u00abGritar libertad, manifestarse en contra de decisiones pol\u00edticas y judiciales, exigir la autodeterminaci\u00f3n, desobedecer leyes injustas y prohibiciones arbitrarias, denunciar los montajes policiales, defender las urnas o votar en un refer\u00e9ndum no es violencia. Que no nos confundan.\u00bb<br \/>\n<\/span><\/p>\n<div><span style=\"font-size: 12pt; font-family: georgia, palatino, serif;\">Como reacci\u00f3n y conscientes de que lo que suceda en Catalu\u00f1a es factor decisivo y determinante en las elecciones venideras, Ciudadanos va a plantear una moci\u00f3n de censura contra el presidente de la Comunidad Aut\u00f3noma de Catalu\u00f1a y los conservadores de Vox se querellar\u00e1n contra Torra, adem\u00e1s de su detenci\u00f3n preventiva \u00bfY los dem\u00e1s? El PP pide que se aplique la ley de Seguridad Nacional y que se ponga en pr\u00e1ctica la ley de Partidos. El jefe -en funciones- del ejecutivo espa\u00f1ol ha declarado con la contundencia y cumplimiento de palabra que le caracterizan: \u201cQue no jueguen con fuego y condenen rotundamente la violencia en todas sus formas y venga de donde venga, sobre todo si viene de sus filas\u201d. Torra esta noche no duerme ante esas amenazas que sabe mutables.<br \/>\n<\/span><\/p>\n<div>\n<p><span style=\"font-size: 12pt; font-family: georgia, palatino, serif;\">Pero dej\u00e9monos de iron\u00edas y veamos los \u00faltimos acontecimientos para entender la gravedad de la situaci\u00f3n.<\/span><\/p>\n<div><span style=\"font-size: 12pt; font-family: georgia, palatino, serif;\"><strong>23 de septiembre de 2019<\/strong>: detenci\u00f3n de varios miembros de los CDR -denominados\u00a0Equipos de Respuesta T\u00e1ctica (ERT)-\u00a0acusados de terrorismo por la Guardia Civil. En sus declaraciones ha trascendido que se reunieron con una hermana de Puigdemont\u00a0 para pasarse \u00abinformaci\u00f3n sensible\u00bb y ser enlace entre Puigdemont y Torra. Uno de los presuntos terroristas se\u00f1al\u00f3 a \u00e9ste \u00faltimo al declarar ante el juez que \u00aba \u00e9l le dijeron\u00bb que Torra \u00abiba a abrir las puertas del Parlament\u00bb.<br \/>\n<\/span><\/p>\n<div><span style=\"font-size: 12pt; font-family: georgia, palatino, serif;\">\u00bfCu\u00e1l era el objetivo final de los CDR\/ERT? Asaltar el Parlamento catal\u00e1n cuando se hiciera p\u00fablica la sentencia del proc\u00e9s \u00bfCu\u00e1les son los cargos que les imputan? Pertenencia a organizaci\u00f3n terrorista, posesi\u00f3n de explosivos con fines terroristas, adem\u00e1s de conspiraci\u00f3n para la comisi\u00f3n de estragos.<\/span><\/div>\n<div>\n<p><span style=\"font-size: 12pt; font-family: georgia, palatino, serif;\">\u00bfQu\u00e9 hizo el ministro Marlaska ante las detenciones? Abronc\u00f3 a la Guardia Civil por la operaci\u00f3n, habida cuenta de que se enter\u00f3 por la prensa; pero ni siquiera facilit\u00f3 informaci\u00f3n en nota p\u00fablica, como se hace habitualmente cuando se trata de operaciones relevantes y tras recoger los datos de la autoridad judicial.<\/span><\/p>\n<p><span style=\"font-size: 12pt; font-family: georgia, palatino, serif;\"><strong>25 de septiembre de 2019<\/strong>: se produjo el cese de la directora de comunicaci\u00f3n de la Consejer\u00eda de Interior, Joana Vall\u00e8s. Ese mismo d\u00eda sale a la luz que los CDR\/ERT detenidos e imputados habr\u00edan tenido explosivos y los habr\u00edan probado desde el pasado mayo.<\/span><\/p>\n<div><span style=\"font-size: 12pt; font-family: georgia, palatino, serif;\"><strong>26 septiembre 2019<\/strong>: los Mossos aplazaron sine die una reuni\u00f3n de la Comisi\u00f3n Mixta de Seguridad entre Estado y Generalitat -\u00bfcasualidad?-. Al mismo tiempo, en sede parlamentaria catalana, se celebr\u00f3 el debate de pol\u00edtica general, produci\u00e9ndose un acalorado enfrentamiento entre diputados independentistas y constitucionalistas, finalizando con la expulsi\u00f3n de Carlos Carrizosa de Ciudadanos y la salida de su grupo. Se preguntar\u00e1n por qu\u00e9. El Parlamento catal\u00e1n apoy\u00f3 a los presuntos terroristas del CDR, ped\u00edan la amnist\u00eda para los golpistas encarcelados por un juicio \u00abarbitrario y sesgado\u00bb, as\u00ed como la retirada de la Guardia Civil de Catalu\u00f1a y se reafirmaron en el derecho a la autodeterminaci\u00f3n.<\/span><\/div>\n<div><\/div>\n<div><span style=\"font-size: 12pt; font-family: georgia, palatino, serif;\"><br \/>\n<\/span><\/p>\n<div><span style=\"font-size: 12pt; font-family: georgia, palatino, serif;\"><strong>29 de septiembre 2019<\/strong>: \u00bfRecuerdan aquel \u00abRodea el Parlamento\u00bb con Mas accediendo a la c\u00e1mara auton\u00f3mica en helic\u00f3ptero? Pues ha llegado al Constitucional. Y la redacci\u00f3n de la resoluci\u00f3n corresponde al magistrado C\u00e1ndido Conde-Pumpido, quien defiende la absoluci\u00f3n en este episodio concreto de violencia, sienta las bases jur\u00eddicas para desactivar las acusaciones de rebeli\u00f3n y sedici\u00f3n que pesan contra los pol\u00edticos catalanes por el &#8216;proc\u00e9s&#8217;, neutralizando posiblemente al Tribunal Supremo \u00bfCasualidad?<\/span><\/div>\n<div><\/div>\n<div><span style=\"font-size: 12pt; font-family: georgia, palatino, serif;\"><br \/>\n<\/span><\/p>\n<div><span style=\"font-size: 12pt; font-family: georgia, palatino, serif;\"><strong>30 de septiembre 2019<\/strong>: el director de los Mossos, Andreu Mart\u00ednez, dimiti\u00f3 ayer tras a\u00f1o y medio en el cargo \u00bfOtra casualidad?\u00bf A qui\u00e9n han nombrado? A Joan Mar\u00eda Piqu\u00e9, ex colaborador de Puigdemont.<br \/>\n<\/span><\/p>\n<div><span style=\"font-size: 12pt; font-family: georgia, palatino, serif;\">\u00bfRecibi\u00f3 Andreu Mart\u00ednez \u00f3rdenes que van contra el ordenamiento jur\u00eddico? Si es as\u00ed, \u00bfpor qu\u00e9 no lo denuncia? \u00bfO lo han hecho dimitir?\u00bfPor qu\u00e9 no ha recurrido ya el Gobierno de Espa\u00f1a las resoluciones del Parlamento catal\u00e1n? \u00bfPor qu\u00e9 no ha aplicado de manera inmediata el art\u00edculo 155 o la Ley de Seguridad Nacional como medida transitoria? \u00bfPor qu\u00e9 no se ha llamado a declarar a Torra?\u00bfA qu\u00e9 espera la Fiscal\u00eda? \u00bfQu\u00e9 hay detr\u00e1s de la dejaci\u00f3n de funciones de las m\u00e1s altas instituciones espa\u00f1olas? Si se sabe que va a haber m\u00e1s movimientos hoy que en el 1-0 anterior, \u00bfse han tomado las medidas oportunas? Concentraciones, cortes, manifestaciones, etc.<\/span><\/div>\n<div><\/div>\n<div><\/div>\n<div><span style=\"font-size: 12pt; font-family: georgia, palatino, serif;\"><br \/>\n<\/span><\/p>\n<div><span style=\"font-size: 12pt; font-family: georgia, palatino, serif;\"><strong>Coda:<\/strong> lo que ocurra hoy ser\u00e1 la punta del iceberg de lo que en d\u00edas sucesivos acontezca. Que Aragon\u00e9s (ERC) sustituya a Torra es cuesti\u00f3n de tiempo.<br \/>\n<\/span><\/div>\n<div><\/div>\n<div><\/div>\n<div><img decoding=\"async\" loading=\"lazy\" class=\"size-medium wp-image-73 aligncenter\" src=\"https:\/\/cincinatos.org\/portal\/wp-content\/uploads\/2019\/06\/Distintivo-CINCINATOS-300x300.jpg\" alt=\"\" width=\"300\" height=\"300\" srcset=\"https:\/\/cincinatos.org\/portal\/wp-content\/uploads\/2019\/06\/Distintivo-CINCINATOS-300x300.jpg 300w, https:\/\/cincinatos.org\/portal\/wp-content\/uploads\/2019\/06\/Distintivo-CINCINATOS-150x150.jpg 150w, https:\/\/cincinatos.org\/portal\/wp-content\/uploads\/2019\/06\/Distintivo-CINCINATOS.jpg 639w\" sizes=\"(max-width: 300px) 100vw, 300px\" \/><\/div>\n<\/div>\n<\/div>\n<\/div>\n<\/div>\n<\/div>\n<\/div>\n<\/div>\n<\/div>\n<\/div>\n<\/div>\n<\/div>\n","protected":false},"excerpt":{"rendered":"<p>Art\u00edculo de Cornelia Cinna\/Mar Gij\u00f3n \u00bfRecibi\u00f3 Andreu Mart\u00ednez \u00f3rdenes que van contra el ordenamiento jur\u00eddico? Si es as\u00ed, \u00bfpor qu\u00e9 no lo denuncia? \u00bfO lo han hecho dimitir?\u00bfPor qu\u00e9 no ha recurrido ya el Gobierno de Espa\u00f1a las resoluciones del Parlamento catal\u00e1n? \u00bfPor qu\u00e9 no ha aplicado de manera inmediata el art\u00edculo 155 o la &#8230; <a title=\"Aniversario inquietante del 1-O\" class=\"read-more\" href=\"https:\/\/cincinatos.org\/portal\/aniversario-inquietante-del-1-o\/\" aria-label=\"M\u00e1s en Aniversario inquietante del 1-O\">Leer m\u00e1s<\/a><\/p>\n","protected":false},"author":8,"featured_media":0,"comment_status":"open","ping_status":"open","sticky":false,"template":"","format":"standard","meta":[],"categories":[32,3,33,31],"tags":[],"_links":{"self":[{"href":"https:\/\/cincinatos.org\/portal\/wp-json\/wp\/v2\/posts\/314"}],"collection":[{"href":"https:\/\/cincinatos.org\/portal\/wp-json\/wp\/v2\/posts"}],"about":[{"href":"https:\/\/cincinatos.org\/portal\/wp-json\/wp\/v2\/types\/post"}],"author":[{"embeddable":true,"href":"https:\/\/cincinatos.org\/portal\/wp-json\/wp\/v2\/users\/8"}],"replies":[{"embeddable":true,"href":"https:\/\/cincinatos.org\/portal\/wp-json\/wp\/v2\/comments?post=314"}],"version-history":[{"count":0,"href":"https:\/\/cincinatos.org\/portal\/wp-json\/wp\/v2\/posts\/314\/revisions"}],"wp:attachment":[{"href":"https:\/\/cincinatos.org\/portal\/wp-json\/wp\/v2\/media?parent=314"}],"wp:term":[{"taxonomy":"category","embeddable":true,"href":"https:\/\/cincinatos.org\/portal\/wp-json\/wp\/v2\/categories?post=314"},{"taxonomy":"post_tag","embeddable":true,"href":"https:\/\/cincinatos.org\/portal\/wp-json\/wp\/v2\/tags?post=314"}],"curies":[{"name":"wp","href":"https:\/\/api.w.org\/{rel}","templated":true}]}}