{"id":754,"date":"2020-09-20T11:01:21","date_gmt":"2020-09-20T11:01:21","guid":{"rendered":"https:\/\/cincinatos.org\/portal\/?p=754"},"modified":"2020-09-20T11:01:46","modified_gmt":"2020-09-20T11:01:46","slug":"gareth-jones-orwell-y-la-ley-del-agujero-de-la-memoria","status":"publish","type":"post","link":"https:\/\/cincinatos.org\/portal\/gareth-jones-orwell-y-la-ley-del-agujero-de-la-memoria\/","title":{"rendered":"Gareth Jones, Orwell y la Ley del Agujero de la Memoria"},"content":{"rendered":"<p><img decoding=\"async\" loading=\"lazy\" class=\"size-full wp-image-755 aligncenter\" src=\"https:\/\/cincinatos.org\/portal\/wp-content\/uploads\/2020\/09\/Memory_Hole.jpg\" alt=\"\" width=\"359\" height=\"500\" srcset=\"https:\/\/cincinatos.org\/portal\/wp-content\/uploads\/2020\/09\/Memory_Hole.jpg 359w, https:\/\/cincinatos.org\/portal\/wp-content\/uploads\/2020\/09\/Memory_Hole-215x300.jpg 215w\" sizes=\"(max-width: 359px) 100vw, 359px\" \/><\/p>\n<p>&nbsp;<\/p>\n<p><strong>Art\u00edculo de Pedro de Tena<\/strong><\/p>\n<p style=\"font-weight: 400;\">En 1935, mucho antes que quien conocemos por George Orwell denunciara el horror del comunismo ruso en\u00a0<em>Rebeli\u00f3n en la granja<\/em>\u00a0(1945) y\u00a0<em>1984<\/em>\u00a0(1949) &#8211; por aquel tiempo segu\u00eda seducido por el comunismo como una buena porci\u00f3n de escritores y periodistas -, tuvo lugar el asesinato de Gareth Richard Vaughan Jones, Gareth Jones, un periodista de investigaci\u00f3n brit\u00e1nico nacido en 1905 en Barry (Gales). No hab\u00eda cumplido a\u00fan los 30 a\u00f1os y seg\u00fan su familia, fue ejecutado por orden del NKVD, el servicio secreto de Stalin.<\/p>\n<p>\u00bfCu\u00e1l fue su crimen? Ser testigo y contar el espanto y estremecimiento que produc\u00edan los millones de personas matados de hambre (entre 2 y 12 millones, seg\u00fan las fuentes) en la rica Ucrania tras ser sometida a la c\u00fapula bolchevique ya dirigida por Stalin. Mientras el Kremlin se esmeraba en fingir un r\u00e9gimen de prosperidad ante las potencias occidentales y sus enemigos pr\u00f3ximos, se orden\u00f3 confiscar las cosechas y los alimentos de Ucrania para exportarlos y obtener dinero para sus fines de dominaci\u00f3n y la simulaci\u00f3n de un \u00e9xito del r\u00e9gimen comunista.<\/p>\n<p><!--more-->Aquella barbarie, ya reconocida por todo el mundo aunque con d\u00e9cadas de retraso tras haber sido arrojada al \u201cagujero de la memoria\u201d descrito por Orwell, es hoy conocida como\u00a0<em><a href=\"https:\/\/www.bing.com\/videos\/search?q=holodomor&amp;docid=608035045605770241&amp;mid=DCDA9D3E01751EF8937EDCDA9D3E01751EF8937E&amp;view=detail&amp;FORM=VIRE\" data-saferedirecturl=\"https:\/\/www.google.com\/url?q=https:\/\/www.bing.com\/videos\/search?q%3Dholodomor%26docid%3D608035045605770241%26mid%3DDCDA9D3E01751EF8937EDCDA9D3E01751EF8937E%26view%3Ddetail%26FORM%3DVIRE&amp;source=gmail&amp;ust=1600682956986000&amp;usg=AFQjCNGDb4-xXZQTtVa5h5RBncLZivNwTQ\">Holodomor<\/a><\/em>, que se parece a\u00a0<strong><em>Holocausto<\/em><\/strong>, pero, en realidad, significa literalmente \u201cmatar de hambre\u201d, un genocidio deliberado y sin precedentes. El periodista Gareth Jones, que hab\u00eda asesorado al que fue primer ministro brit\u00e1nico David Lloyd George, fue testigo de aquella matanza ocurrida entre 1932 y 1933 y se atrevi\u00f3 a contarla.<\/p>\n<p>En 2019 se estren\u00f3 la pel\u00edcula\u00a0<em>Mr. Jones<\/em>, dirigida por la polaca\u00a0<a href=\"https:\/\/www.filmaffinity.com\/es\/search.php?stype=director&amp;sn&amp;stext=Agnieszka%20Holland\" data-saferedirecturl=\"https:\/\/www.google.com\/url?q=https:\/\/www.filmaffinity.com\/es\/search.php?stype%3Ddirector%26sn%26stext%3DAgnieszka%2520Holland&amp;source=gmail&amp;ust=1600682956986000&amp;usg=AFQjCNE_HU1xTgnLvDxyOc4E6f86-Tqa9w\">Agnieszka Holland<\/a>\u00a0y escrita por Andrea Serdaru Barbul. En ella se describe la actitud insobornable de Jones ante la verdad (\u201cs\u00f3lo hay una verdad\u201d) y la miserable abyecci\u00f3n moral del antiperiodista del\u00a0<em>New York Times<\/em>, Walter Duranty, sobornado por la dictadura estalinista para contaminar la opini\u00f3n occidental negando la realidad del hambre y de la muerte.<\/p>\n<p>\u00bfDe qu\u00e9 se trat\u00f3 entonces con la estrategia \u201cnegacionista\u201d de la hambruna dise\u00f1ada en Mosc\u00fa? De impedir que la historia contuviese determinados hechos, apartando los que perjudicaban al r\u00e9gimen de terror del comunismo ruso, consintiendo s\u00f3lo el conocimiento de los hechos que compon\u00edan la gran mentira de que la sociedad comunista era superior y que en su seno era posible la felicidad y la libertad generales. A Gareth Jones, entre otros, les debemos que la \u00fanica verdad real sea conocida por nuestras generaciones.<\/p>\n<p>Tras un secuestro por unos bandidos mongoles, que lo traspasaron a otros, finalmente fue asesinado de tres balazos en 1935. La sospecha de que fue el NKVD quien organiz\u00f3 el crimen para hacerle pagar el descr\u00e9dito causado a la URSS con la \u00fanica verdad real, es universal. Jones se hab\u00eda atrevido a tapar el agujero de la memoria por donde el gran Hermano de 1984 ordenaba arrojar los hechos inc\u00f3modos o perjudiciales.<\/p>\n<p>Aunque hay quien lo supone, no me parece que George Orwell, que conoci\u00f3 a Jones y supo de su muerte en Mongolia en 1935, llamara Mr. Jones al granjero contra el que se rebelaron sus animales para sustituir su r\u00e9gimen desp\u00f3tico por otro mucho m\u00e1s tir\u00e1nico que terminaba con la sentencia de que \u201ctodos los animales son iguales, pero unos son m\u00e1s iguales que otros\u201d, camino que llevan los asesinados en la Guerra Civil espa\u00f1ola que, como parece, los habr\u00e1 m\u00e1s asesinados que otros.<br \/>\nEn el\u00a0<em>1984\u00a0<\/em>de Orwell, que vivi\u00f3 y fue herido en la Guerra Civil espa\u00f1ola conociendo de primera mano los procedimientos criminales del estalinismo y de Luis Companys, entre otros, en la retaguardia republicana, se introduce la idea de un \u201cagujero de la memoria\u201d:<\/p>\n<p><em>\u201cHab\u00eda hendiduras semejantes a miles o a docenas de miles por todo el edificio, no s\u00f3lo en cada habitaci\u00f3n, sino a lo largo de todos los pasillos, a peque\u00f1os intervalos. Les llamaban \u00abagujeros de la memoria\u00bb. Cuando un empleado sab\u00eda que un documento hab\u00eda de ser destruido, o incluso cuando alguien ve\u00eda un pedazo de papel por el suelo y por alguna mesa, constitu\u00eda ya un acto autom\u00e1tico levantar la tapa del m\u00e1s cercano \u00abagujero de la memoria\u00bb y tirar el papel en \u00e9l.\u201d<br \/>\n<\/em><br \/>\nCon ello, se obten\u00eda un \u00e9xito ideol\u00f3gico: la desmoralizaci\u00f3n ciudadana que produc\u00eda el \u201cdoble pensar\u201d, un laber\u00edntico mundo en el que\u00a0<em>\u201csaber y no saber, hallarse consciente de lo que es realmente verdad mientras se dicen mentiras cuidadosamente elaboradas, sostener simult\u00e1neamente dos opiniones sabiendo que son contradictorias y creer sin embargo en ambas; emplear la l\u00f3gica contra la l\u00f3gica, repudiar la moralidad mientras se recurre a ella, creer que la democracia es imposible y que el Partido es el guardi\u00e1n de la democracia; olvidar cuanto fuera necesario olvidar y, no obstante, recurrir a ello, volverlo a traer a la memoria en cuanto se necesitara y luego olvidarlo de nuevo; y, sobre todo, aplicar el mismo proceso al procedimiento mismo que la nueva Ley del Agujero de la Memoria no tendr\u00e1 en cuenta\u201d.<\/em><\/p>\n<p>Estamos ante una Ley del Agujero de la Memoria por donde se va a tirar la \u00fanica verdad real que podr\u00eda encontrarse sobre lo ocurrido realmente en el proceso que condujo a la Guerra Civil, que fue cosa de dos bandos y no s\u00f3lo de uno, para impedir que los ciudadanos controlen la realidad de lo que ocurri\u00f3 y hacer que la mayor\u00eda de los espa\u00f1oles no puedan recurrir a su propia memoria.<\/p>\n<p>Estamos ante una Polic\u00eda del Pensamiento y unos Ministerios de la Verdad que pretenden hacer que los hechos inc\u00f3modos de la historia desaparezcan de la propia memoria y lo que se transmita a las nuevas generaciones, por v\u00eda educativa obligatoria y por v\u00eda disciplinaria social, \u00a0s\u00f3lo sea el pasado dictado por los partidos de izquierda.<\/p>\n<p>Orwell lo expres\u00f3 con toda claridad y rotundidad:<\/p>\n<p><em>\u201cPues nosotros, el Partido, controlamos todos los documentos y controlamos todas las memorias. De manera que controlamos el pasado, \u00bfno es as\u00ed?<\/em><\/p>\n<p style=\"font-weight: 400;\"><em>&#8211; Pero, \u00bfc\u00f3mo van ustedes a evitar que la gente recuerde lo que ha pasado? \u2013 exclam\u00f3 Winston olvidando del nuevo el martirizador el\u00e9ctrico -. Es un acto involuntario. No puede uno evitarlo. \u00bfC\u00f3mo vais a controlar la memoria? \u00a1La m\u00eda no la hab\u00e9is controlado!\u201d<\/em><\/p>\n<p>Por eso, precisamente, estaba siendo torturado, por ser libre para decir que dos y dos son cuatro y no cinco, aunque lo diga el Partido.<\/p>\n<p>Frente a esta operaci\u00f3n totalitaria, habr\u00e1 que defender que la memoria existe en cada uno de nosotros y que s\u00f3lo hay una verdad, que lo que ocurre, ocurre, como el m\u00e1rtir Gareth Jones defendi\u00f3 hasta la muerte. Esta Ley del Agujero de la Memoria es el mayor ataque a la democracia que yo he conocido desde el franquismo. Una minor\u00eda de espa\u00f1oles va a imponer a la inmensa mayor\u00eda qu\u00e9 es o no es la realidad. Y, mientras tanto, hay quien dice que la batalla cultural no es relevante. Es lo \u00fanico relevante, est\u00fapidos.<\/p>\n<p>Ante esta situaci\u00f3n de emergencia moral sin contar pandemias ni amnesias, una moci\u00f3n de censura de toda la oposici\u00f3n contra el recorte de la libertad y de la democracia, no es s\u00f3lo necesaria. Ya es urgente.<\/p>\n<p>&nbsp;<\/p>\n<p><img decoding=\"async\" loading=\"lazy\" class=\"aligncenter wp-image-748 size-medium\" src=\"https:\/\/cincinatos.org\/portal\/wp-content\/uploads\/2020\/07\/cincinatos-300x300.jpg\" alt=\"\" width=\"300\" height=\"300\" srcset=\"https:\/\/cincinatos.org\/portal\/wp-content\/uploads\/2020\/07\/cincinatos-300x300.jpg 300w, https:\/\/cincinatos.org\/portal\/wp-content\/uploads\/2020\/07\/cincinatos-150x150.jpg 150w, https:\/\/cincinatos.org\/portal\/wp-content\/uploads\/2020\/07\/cincinatos.jpg 639w\" sizes=\"(max-width: 300px) 100vw, 300px\" \/><\/p>\n","protected":false},"excerpt":{"rendered":"<p>&nbsp; Art\u00edculo de Pedro de Tena En 1935, mucho antes que quien conocemos por George Orwell denunciara el horror del comunismo ruso en\u00a0Rebeli\u00f3n en la granja\u00a0(1945) y\u00a01984\u00a0(1949) &#8211; por aquel tiempo segu\u00eda seducido por el comunismo como una buena porci\u00f3n de escritores y periodistas -, tuvo lugar el asesinato de Gareth Richard Vaughan Jones, Gareth &#8230; <a title=\"Gareth Jones, Orwell y la Ley del Agujero de la Memoria\" class=\"read-more\" href=\"https:\/\/cincinatos.org\/portal\/gareth-jones-orwell-y-la-ley-del-agujero-de-la-memoria\/\" aria-label=\"M\u00e1s en Gareth Jones, Orwell y la Ley del Agujero de la Memoria\">Leer m\u00e1s<\/a><\/p>\n","protected":false},"author":8,"featured_media":0,"comment_status":"open","ping_status":"open","sticky":false,"template":"","format":"standard","meta":[],"categories":[90,66,38,69,111],"tags":[],"_links":{"self":[{"href":"https:\/\/cincinatos.org\/portal\/wp-json\/wp\/v2\/posts\/754"}],"collection":[{"href":"https:\/\/cincinatos.org\/portal\/wp-json\/wp\/v2\/posts"}],"about":[{"href":"https:\/\/cincinatos.org\/portal\/wp-json\/wp\/v2\/types\/post"}],"author":[{"embeddable":true,"href":"https:\/\/cincinatos.org\/portal\/wp-json\/wp\/v2\/users\/8"}],"replies":[{"embeddable":true,"href":"https:\/\/cincinatos.org\/portal\/wp-json\/wp\/v2\/comments?post=754"}],"version-history":[{"count":2,"href":"https:\/\/cincinatos.org\/portal\/wp-json\/wp\/v2\/posts\/754\/revisions"}],"predecessor-version":[{"id":757,"href":"https:\/\/cincinatos.org\/portal\/wp-json\/wp\/v2\/posts\/754\/revisions\/757"}],"wp:attachment":[{"href":"https:\/\/cincinatos.org\/portal\/wp-json\/wp\/v2\/media?parent=754"}],"wp:term":[{"taxonomy":"category","embeddable":true,"href":"https:\/\/cincinatos.org\/portal\/wp-json\/wp\/v2\/categories?post=754"},{"taxonomy":"post_tag","embeddable":true,"href":"https:\/\/cincinatos.org\/portal\/wp-json\/wp\/v2\/tags?post=754"}],"curies":[{"name":"wp","href":"https:\/\/api.w.org\/{rel}","templated":true}]}}