{"id":947,"date":"2023-01-29T19:35:57","date_gmt":"2023-01-29T19:35:57","guid":{"rendered":"https:\/\/cincinatos.org\/portal\/?p=947"},"modified":"2023-01-29T19:35:57","modified_gmt":"2023-01-29T19:35:57","slug":"los-testaferros-del-negoci","status":"publish","type":"post","link":"https:\/\/cincinatos.org\/portal\/los-testaferros-del-negoci\/","title":{"rendered":"Los testaferros del \u00abnegoci\u00bb"},"content":{"rendered":"<div class=\"separator\"><a href=\"https:\/\/blogger.googleusercontent.com\/img\/b\/R29vZ2xl\/AVvXsEhPlv8GvfWnJJGfPSsk4Mx8YkrtCs76lEcdU9y4LeLUh9rttRFGU1Nun6jZ6gf1YkMhatazMlHVGitcKcruSTs_yPYDsjgcY6GJIU16mPtiFuCGlwB2xSyuKMHIC808-oAf9sSTDF3Ck7hk4l4GmEXn_qk9GFPjA5va4EQhoZCx8p5xFrfxktuOtD0f\/s1200\/IMG_1544.JPG\"><img decoding=\"async\" loading=\"lazy\" class=\"aligncenter\" src=\"https:\/\/blogger.googleusercontent.com\/img\/b\/R29vZ2xl\/AVvXsEhPlv8GvfWnJJGfPSsk4Mx8YkrtCs76lEcdU9y4LeLUh9rttRFGU1Nun6jZ6gf1YkMhatazMlHVGitcKcruSTs_yPYDsjgcY6GJIU16mPtiFuCGlwB2xSyuKMHIC808-oAf9sSTDF3Ck7hk4l4GmEXn_qk9GFPjA5va4EQhoZCx8p5xFrfxktuOtD0f\/w640-h480\/IMG_1544.JPG\" width=\"640\" height=\"480\" border=\"0\" data-original-height=\"900\" data-original-width=\"1200\" \/><\/a><b><\/b><\/div>\n<div><\/div>\n<div><\/div>\n<div class=\"separator\"><b>Art\u00edculo de Luis Mar\u00edn Sicilia\u00a0<\/b><\/div>\n<p>Este fin de semana, en L\u00e9rida, el 29 Congreso de ERC aprob\u00f3 una propuesta sobre un denominado \u201cacuerdo de claridad\u201d cuya pretensi\u00f3n \u00faltima es celebrar un refer\u00e9ndum sobre la independencia de Catalu\u00f1a, la cual se producir\u00eda si el 55 % de los participantes (al menos la mitad del censo electoral catal\u00e1n) votaran a favor. El presidente Pere Aragon\u00e9s exigi\u00f3 al Estado espa\u00f1ol (del que forma parte) que deje de tratar a Catalu\u00f1a como \u201cmenor de edad\u201d y facilite dicho refer\u00e9ndum. Todo muy en la l\u00ednea de la \u201cnormalizaci\u00f3n\u201d de Catalu\u00f1a que Pedro S\u00e1nchez quiere vendernos como un logro de su pol\u00edtica de apaciguamiento.<br \/>\n<!--more-->La realidad pol\u00edtica va por otro camino. Si los propios proponentes entienden que, votando la mitad de los catalanes, basta conque un p\u00edrrico 55 % de ellos opte por la independencia, es porque saben que la realidad social va por otra senda, por muy en silencio que se mantenga por el momento. Porque en el fondo lo que proponen es que con un 27,5 % de la ciudadan\u00eda a favor se pueda desenganchar Catalu\u00f1a del proyecto de vida en com\u00fan que define a la naci\u00f3n espa\u00f1ola. <b>O sea, estos vividores del \u201cnegoci\u201d independentista pretenden que apenas 2.060.000 catalanes decidan c\u00f3mo es una Espa\u00f1a de 47.500.000 habitantes.<\/b>\u00a0\u00bfHasta cu\u00e1ndo va a seguir jug\u00e1ndose con un absurdo de tama\u00f1a dimensi\u00f3n? Espa\u00f1a son siglos de convivencia de distintas culturas e identidades que han sabido crear un espacio com\u00fan donde la variedad, incluso ling\u00fc\u00edstica, es una de sus grandes riquezas. \u00bfHasta cuando unos pocos vividores van a jugar con el sentir abrumadoramente mayoritario de quienes tiene multitud de lazos y afectos entre todos los pueblos de Espa\u00f1a? \u00bfPor qu\u00e9 vamos a seguir tolerando que una minor\u00eda controle todos los resortes institucionales del poder para fomentar un sentimiento de aversi\u00f3n hacia el resto del Estado espa\u00f1ol? \u00bfC\u00f3mo es posible que en pleno siglo XXI, en contra del derecho internacional y de las resoluciones de la ONU, se pretenda la ruptura de la naci\u00f3n m\u00e1s antigua de occidente? \u00bfC\u00f3mo un Gobierno puede sostenerse a base de concesiones a los autores de un golpe institucional contra la permanencia del propio Estado?.<\/p>\n<p>Hay que decirlo de modo claro y rotundo: el separatismo catal\u00e1n se ha convertido en un negocio, un \u201cnegoci de la pela\u201d en beneficio de unos pocos a los que, desgraciadamente, el socialismo catal\u00e1n y espa\u00f1ol le sirven de testaferros. Como dice el catedr\u00e1tico Francesc de Carreras, \u201centre los catalanes no nacionalistas cunde el p\u00e1nico\u201d y, seg\u00fan \u00e9l, ello es debido a que los socialistas han optado por participar de las ubres del poder, gobernando con el separatismo de ERC y el populismo de Colau, dimitiendo el PSC de su alineamiento con el constitucionalismo. La orfandad pol\u00edtica de los constitucionalistas qued\u00f3 patente en las \u00faltimas elecciones auton\u00f3micas: Solo particip\u00f3 el 51 % del censo frente a casi el 80 % que lo hizo cuando Ciudadanos gano\u00a0 las elecciones. Ese vac\u00edo, ese 30 % de electores catalanes, necesitan mensajes de concordia y respeto a la Constituci\u00f3n, algo que el PSC hoy no puede dar tras la deriva del sanchismo y la trayectoria anticonstitucional de muchos militantes, algunos de los cuales, como los concejales de Pineda de Mar, Aragon\u00e9s y Masnou, han sido juzgados por delitos de odio y discriminaci\u00f3n al amenazar con el cierre del hotel donde se hospedaban polic\u00edas nacionales con motivo de la consulta ilegal del 1 de octubre de 2017, exigiendo la expulsi\u00f3n de los mismos.<\/p>\n<p>Hoy no ofrece ninguna duda de que el PSC, gracias a Pedro S\u00e1nchez, se ha convertido en el testaferro del \u201cnegoci independentista\u201d y quiere participar de sus ventajas. La traici\u00f3n al electorado natural de los catalanes no nacionalistas por parte del partido socialista (que constitu\u00eda la mayor parte de su electorado) lo pone de manifiesto su af\u00e1n por repetir el tripartito con los comunes y la esquerra, siguiendo la estela de aquel malhadado momento en que Zapatero y Maragall decidieron abrazar los postulados secesionistas\u00a0 m\u00e1s o menos disfrazados. Tiene raz\u00f3n Francesc de Carreras cuando discrepa de esa desinflamaci\u00f3n que S\u00e1nchez atribuye a sus concesiones al secesionismo. La realidad es que, en opini\u00f3n del catedr\u00e1tico, los excluyentes ganar\u00e1n de nuevo \u201cgracias a la colaboraci\u00f3n socialista y a la incomparecencia del contrario\u201d habida cuenta de la forma en que ha quedado desierta una oferta capaz de aglutinar a la mayor\u00eda de catalanes no nacionalistas. El hundimiento de Ciudadanos y la traici\u00f3n del PSC, que solo quiere participar de los cargos y del poder, han dejado hu\u00e9rfanos a la mitad al menos de los catalanes que no comulgan con la deriva actual.<\/p>\n<p>Sin embargo, hay motivos para la esperanza. No tengo duda, como conocedor un poco de la realidad catalana, de que m\u00e1s de la mitad de los catalanes se sienten hu\u00e9rfanos porque el independentismo ha llegado a identificar a todos los catalanes con esa tendencia, ajena a la realidad pese a que la misma copa todas las instituciones y los medios informativos. Hay base electoral sobrada para vencer al independentismo y solo se necesita que alg\u00fan grupo pol\u00edtico sepa ahormar la inquietud cultural del pueblo catal\u00e1n, fiel a su historia y a su personalidad, articulada con el buen sentido de su proyecci\u00f3n y entendimiento con los dem\u00e1s miembros de la sociedad espa\u00f1ola.<\/p>\n<div class=\"separator\"><a href=\"https:\/\/blogger.googleusercontent.com\/img\/b\/R29vZ2xl\/AVvXsEgTejHPtAx1fi9MPuNXsJpW2kU1aXafM6GhOmRqL5QYrIJwcT1suCjK3tW4tjaguLb0Hczcv1_G3TepWOt2YKPThzDdipo3heyZfzZODYxutdBh8buIw6NO2-VE7sRptLpp2hU9h6g-NT06E4vEb68UUSRR741raIrkEmpuBQQjyMja8tWvSJDQlgBz\/s746\/IMG_1542.jpg\"><img decoding=\"async\" loading=\"lazy\" class=\"aligncenter\" src=\"https:\/\/blogger.googleusercontent.com\/img\/b\/R29vZ2xl\/AVvXsEgTejHPtAx1fi9MPuNXsJpW2kU1aXafM6GhOmRqL5QYrIJwcT1suCjK3tW4tjaguLb0Hczcv1_G3TepWOt2YKPThzDdipo3heyZfzZODYxutdBh8buIw6NO2-VE7sRptLpp2hU9h6g-NT06E4vEb68UUSRR741raIrkEmpuBQQjyMja8tWvSJDQlgBz\/s320\/IMG_1542.jpg\" width=\"320\" height=\"213\" border=\"0\" data-original-height=\"497\" data-original-width=\"746\" \/><\/a><\/div>\n<p>Quiz\u00e1 la riqueza y variedad de Espa\u00f1a, y la tozudez de los secesionistas de distinta laya, tenga explicaci\u00f3n en las palabras de Julia Calvet, una joven universitaria que preside la asociaci\u00f3n \u201cS\u2019ha Acabat\u201d. Nacida y criada en un entorno independentista, ha decidido enfrentarse con ideas y raz\u00f3n al independentismo. En declaraciones a El Mundo, la joven Calvet dice: \u201cHab\u00eda viajado por Europa, pero no a Madrid o Sevilla, por ejemplo. Cuando lo hice me di cuenta de que el odio que me hab\u00edan vendido que nos ten\u00edan era falso y que Espa\u00f1a nos quiere y nos respeta. En mi casa solo se ve\u00eda TV3 pero comenc\u00e9 a ver otros canales y a cuestionarme el discurso separatista\u201d.<\/p>\n<p>La joven hab\u00eda descubierto la \u00fanica raz\u00f3n del separatismo para mantener el \u201cnegoci\u201d: inventarse falsas mal querencias y odios hacia ellos para monopolizar las ventajas del poder. Y de esas ventajas quieren participar hoy sus testaferros; esos que los han indultado, han puesto su firma en la derogaci\u00f3n del delito que cometieron y han rebajado las penas a quienes, como ellos, han malversado el dinero p\u00fablico.<\/p>\n<div class=\"separator\"><a href=\"https:\/\/blogger.googleusercontent.com\/img\/b\/R29vZ2xl\/AVvXsEh78W38rgV6k0tMgPFRS8gOXFLBhiU5en3cmTFu0cuja6bAyaaEUzgV0O7k_u4s6T5HsQs8_FzeTN_N5z12cqsFxg7bMvBif9S-ow6G1hzU3a-43r4FKSaX9hf-yCyXJRwPYDcZrC5QOikXZCRRpE56ol6bGpmYsp7a4OzvrXHfQPhDrjoVi_piVdpX\/s639\/cincinatos.jpg\"><img decoding=\"async\" loading=\"lazy\" class=\"aligncenter\" src=\"https:\/\/blogger.googleusercontent.com\/img\/b\/R29vZ2xl\/AVvXsEh78W38rgV6k0tMgPFRS8gOXFLBhiU5en3cmTFu0cuja6bAyaaEUzgV0O7k_u4s6T5HsQs8_FzeTN_N5z12cqsFxg7bMvBif9S-ow6G1hzU3a-43r4FKSaX9hf-yCyXJRwPYDcZrC5QOikXZCRRpE56ol6bGpmYsp7a4OzvrXHfQPhDrjoVi_piVdpX\/s320\/cincinatos.jpg\" width=\"320\" height=\"320\" border=\"0\" data-original-height=\"639\" data-original-width=\"639\" \/><\/a><\/div>\n<p>&nbsp;<\/p>\n","protected":false},"excerpt":{"rendered":"<p>Art\u00edculo de Luis Mar\u00edn Sicilia\u00a0 Este fin de semana, en L\u00e9rida, el 29 Congreso de ERC aprob\u00f3 una propuesta sobre un denominado \u201cacuerdo de claridad\u201d cuya pretensi\u00f3n \u00faltima es celebrar un refer\u00e9ndum sobre la independencia de Catalu\u00f1a, la cual se producir\u00eda si el 55 % de los participantes (al menos la mitad del censo electoral &#8230; <a title=\"Los testaferros del \u00abnegoci\u00bb\" class=\"read-more\" href=\"https:\/\/cincinatos.org\/portal\/los-testaferros-del-negoci\/\" aria-label=\"M\u00e1s en Los testaferros del \u00abnegoci\u00bb\">Leer m\u00e1s<\/a><\/p>\n","protected":false},"author":8,"featured_media":0,"comment_status":"open","ping_status":"open","sticky":false,"template":"","format":"standard","meta":[],"categories":[1],"tags":[],"_links":{"self":[{"href":"https:\/\/cincinatos.org\/portal\/wp-json\/wp\/v2\/posts\/947"}],"collection":[{"href":"https:\/\/cincinatos.org\/portal\/wp-json\/wp\/v2\/posts"}],"about":[{"href":"https:\/\/cincinatos.org\/portal\/wp-json\/wp\/v2\/types\/post"}],"author":[{"embeddable":true,"href":"https:\/\/cincinatos.org\/portal\/wp-json\/wp\/v2\/users\/8"}],"replies":[{"embeddable":true,"href":"https:\/\/cincinatos.org\/portal\/wp-json\/wp\/v2\/comments?post=947"}],"version-history":[{"count":3,"href":"https:\/\/cincinatos.org\/portal\/wp-json\/wp\/v2\/posts\/947\/revisions"}],"predecessor-version":[{"id":950,"href":"https:\/\/cincinatos.org\/portal\/wp-json\/wp\/v2\/posts\/947\/revisions\/950"}],"wp:attachment":[{"href":"https:\/\/cincinatos.org\/portal\/wp-json\/wp\/v2\/media?parent=947"}],"wp:term":[{"taxonomy":"category","embeddable":true,"href":"https:\/\/cincinatos.org\/portal\/wp-json\/wp\/v2\/categories?post=947"},{"taxonomy":"post_tag","embeddable":true,"href":"https:\/\/cincinatos.org\/portal\/wp-json\/wp\/v2\/tags?post=947"}],"curies":[{"name":"wp","href":"https:\/\/api.w.org\/{rel}","templated":true}]}}