{"id":953,"date":"2023-06-18T20:05:59","date_gmt":"2023-06-18T20:05:59","guid":{"rendered":"https:\/\/cincinatos.org\/portal\/?p=953"},"modified":"2023-06-18T20:05:59","modified_gmt":"2023-06-18T20:05:59","slug":"mi-campana-electoral","status":"publish","type":"post","link":"https:\/\/cincinatos.org\/portal\/mi-campana-electoral\/","title":{"rendered":"Mi campa\u00f1a electoral"},"content":{"rendered":"<p align=\"justify\"><img decoding=\"async\" class=\"aligncenter\" src=\"https:\/\/diario16.com\/wp-content\/uploads\/2023\/06\/FultbAVX0AESacC.jpg\" \/><\/p>\n<p align=\"justify\"><strong>Art\u00edculo de Max Estrella<\/strong><\/p>\n<p align=\"justify\">Creo que fue Robert Michels -perd\u00f3neme el lector si fue otro, pues cito de memoria y hoy me da pereza buscar la cita-, reputado soci\u00f3logo, disc\u00edpulo de Max Weber, quien afirm\u00f3 que\u00a0<i>con la elecci\u00f3n elegimos nuevos amos<\/i>. Nunca me ha parecido tan acertada tal declaraci\u00f3n como en el momento pol\u00edtico que vivimos. Considero que est\u00e1 de m\u00e1s acreditar con razones lo que los hechos, tozudos hechos -a las hemerotecas me remito-, han demostrado: que estamos bajo la f\u00e9rula de un gobierno autoritario, regido por un presidente cesarista y desp\u00f3tico, a cuyos delirios ha encomendado su suerte, sin objetar el m\u00e1s m\u00ednimo reproche, su partido, otrora socialdem\u00f3crata.<\/p>\n<p align=\"justify\"><!--more-->Qu\u00e9 decir de la otra pata del Gobierno, sino que, siendo como son declarados comunistas, ning\u00fan gobierno comunista, de cualquier \u00e9poca y de cualquier lugar, ha sido jam\u00e1s partidario de la libertad y la democracia. Estos comunistas nuestros no son diferentes. Y, en lo referente a los dem\u00e1s actores pol\u00edticos que apoyan y sostienen ese Gobierno desde el Parlamento, basta indicar que, dejando al margen sus posicionamientos pol\u00edticos, que van desde la derecha clerical a la extrema izquierda marxista, lo que los caracteriza y los vincula es su odio a Espa\u00f1a -patria com\u00fan e indivisible de todos los espa\u00f1oles, como reza la Constituci\u00f3n-, y, para colmo, muchos de estos, tanto en Catalu\u00f1a como en el Pa\u00eds Vasco, tienen las manos manchadas de sangre inocente.<\/p>\n<p align=\"justify\">La oposici\u00f3n no se libra de esta diatriba. El Partido Popular ha demostrado que -aunque con mejores maneras, quiero decir, m\u00e1s ladinamente- es la misma harina del mismo costal partitocr\u00e1tico. Jam\u00e1s ha mostrado respeto a su electorado, al que parece despreciar, como todos los dem\u00e1s partidos. Me viene a la memoria la an\u00e9cdota -creo haberla referido en alguna otra ocasi\u00f3n- protagonizada por don Jos\u00e9 S\u00e1nchez Guerra, pol\u00edtico de la II Rep\u00fablica, a cuyo partido, por cierto, perteneci\u00f3 mi bisabuelo siendo alcalde de Cabra. Se cuenta que estando S\u00e1nchez Guerra de visita en el casino de Cabra, un grupo de adeptos congregados a la puerta requiri\u00f3 su presencia.\u00a0<i>Salga usted al balc\u00f3n y d\u00edgales unas palabritas<\/i>, le aconsej\u00f3 alguien; a lo que S\u00e1nchez Guerra respondi\u00f3 \u00e1speramente:\u00a0<i>\u00bfUsted ha visto alguna vez que un marido le eche serenatas a su mujer?<\/i>\u00a0Pues eso, como dir\u00eda este otro S\u00e1nchez que ahora padecemos.\u00a0<i>Cos\u00ed fan tutti\u2026<\/i>, y el PP el primero.<\/p>\n<p align=\"justify\">Adolece de las mismas pulsiones autoritarias y en nada sustancial se diferencia de sus opuestos: la cuesti\u00f3n, como dijo Humpty Dumpty, es saber quien manda. A eso se reduce todo, y en eso est\u00e1n todos de acuerdo. Lo dem\u00e1s -la Naci\u00f3n, el bienestar de sus ciudadanos, sus derechos y libertades, el inter\u00e9s general, etc.-, mera palabrer\u00eda para embaucar a los ingenuos.<\/p>\n<p align=\"justify\">En Andaluc\u00eda tenemos una clara muestra de esto que afirmo; aunque la propaganda de los medios afines se deshaga en ditirambos y la de los desafectos en vituperios, lo cierto es que poco ha cambiado la pol\u00edtica del PP de la que practicaba el r\u00e9gimen socialista -lo cual, por cierto, demuestra el sectarismo de los referidos medios y su desafecci\u00f3n a la verdad-. Como he se\u00f1alado en alguna otra ocasi\u00f3n, mis sospechas se han visto, por desgracia, cumplidas: el PP de Andaluc\u00eda no aspiraba a demoler el cortijo socialista y a limpiar sus zah\u00fardas, sino a heredarlo. Sirva como bot\u00f3n de muestra la reciente ley de la Funci\u00f3n P\u00fablica andaluza, que no es sino reedici\u00f3n de la del enchufismo socialista, que tan hip\u00f3critamente criticaron cuando eran oposici\u00f3n. De otros partidos opositores, no cabe m\u00e1s que la sospecha de que no ser\u00e1n diferentes llegado el momento de ejercer el poder.<\/p>\n<p align=\"justify\">Por supuesto no decimos nada de la corrupci\u00f3n, cosa que, al parecer, poco importa al noble pueblo espa\u00f1ol. No hay pol\u00edtica m\u00e1s corrupta, creo, que esta nuestra; que pringa a todo el que se le arrima, sin excepci\u00f3n; s\u00f3lo cuesti\u00f3n de grado y cantidad.\u00a0<i>Que deje la corte el que quiera permanecer \u00edntegro<\/i>, avis\u00f3 Lucano hace muchos siglos. Para bochorno mundial, el sanchismo nos ha retrotra\u00eddo a los inicios del siglo XIX, cuando robar para el partido no era robar sino otra cosa. As\u00ed lo cuenta P\u00edo Baroja en su novela\u00a0<i>Con la pluma y con el sable<\/i>:<\/p>\n<p align=\"justify\"><i>&#8211; Usted que ha robado\u2026<\/i><\/p>\n<p align=\"justify\"><i>&#8211; \u00bfYo robar?<\/i><\/p>\n<p align=\"justify\"><i>&#8211; Para el partido, no para usted.<\/i><\/p>\n<p align=\"justify\"><i>&#8211; \u00a1Ah!, eso es otra cosa.<\/i><\/p>\n<p align=\"justify\">En fin, siendo este, a mi modo de ver, el estado de cosas, no espero sino lo que, con gracia andaluza, dijo un antiguo bloguero opositor al r\u00e9gimen:\u00a0<i>\u00a1Que caiga el meteorito!<\/i>; a lo que yo a\u00f1ado: \u00a1Y que os vote Txapote!<\/p>\n<p align=\"justify\">\n<p><a href=\"https:\/\/blogger.googleusercontent.com\/img\/b\/R29vZ2xl\/AVvXsEhJkJQtwh_gj7m0EW2ITxAfY_rn-yINZORJqTY1cRJ-9el9iO01miEhmKCbPy28FsVNSHjyPk1lDWjyZWndTgefJZ3aJ0C6FWkA1IL-1d8S5rnyI6m62H9z7uAJ16bBugVBwQuYD-6aB122HPPzkYSVm_2E5gG8Dfq1poxk8UbIGm_j_AxRFs4mlvTJ\/s639\/cincinatos.jpg\"><img decoding=\"async\" loading=\"lazy\" class=\"aligncenter\" src=\"https:\/\/blogger.googleusercontent.com\/img\/b\/R29vZ2xl\/AVvXsEhJkJQtwh_gj7m0EW2ITxAfY_rn-yINZORJqTY1cRJ-9el9iO01miEhmKCbPy28FsVNSHjyPk1lDWjyZWndTgefJZ3aJ0C6FWkA1IL-1d8S5rnyI6m62H9z7uAJ16bBugVBwQuYD-6aB122HPPzkYSVm_2E5gG8Dfq1poxk8UbIGm_j_AxRFs4mlvTJ\/s320\/cincinatos.jpg\" width=\"320\" height=\"320\" border=\"0\" data-original-height=\"639\" data-original-width=\"639\" \/><\/a><\/p>\n<p>&nbsp;<\/p>\n","protected":false},"excerpt":{"rendered":"<p>Art\u00edculo de Max Estrella Creo que fue Robert Michels -perd\u00f3neme el lector si fue otro, pues cito de memoria y hoy me da pereza buscar la cita-, reputado soci\u00f3logo, disc\u00edpulo de Max Weber, quien afirm\u00f3 que\u00a0con la elecci\u00f3n elegimos nuevos amos. Nunca me ha parecido tan acertada tal declaraci\u00f3n como en el momento pol\u00edtico que &#8230; <a title=\"Mi campa\u00f1a electoral\" class=\"read-more\" href=\"https:\/\/cincinatos.org\/portal\/mi-campana-electoral\/\" aria-label=\"M\u00e1s en Mi campa\u00f1a electoral\">Leer m\u00e1s<\/a><\/p>\n","protected":false},"author":8,"featured_media":0,"comment_status":"open","ping_status":"open","sticky":false,"template":"","format":"standard","meta":[],"categories":[23,218,3,69,68],"tags":[30,58,219,56],"_links":{"self":[{"href":"https:\/\/cincinatos.org\/portal\/wp-json\/wp\/v2\/posts\/953"}],"collection":[{"href":"https:\/\/cincinatos.org\/portal\/wp-json\/wp\/v2\/posts"}],"about":[{"href":"https:\/\/cincinatos.org\/portal\/wp-json\/wp\/v2\/types\/post"}],"author":[{"embeddable":true,"href":"https:\/\/cincinatos.org\/portal\/wp-json\/wp\/v2\/users\/8"}],"replies":[{"embeddable":true,"href":"https:\/\/cincinatos.org\/portal\/wp-json\/wp\/v2\/comments?post=953"}],"version-history":[{"count":2,"href":"https:\/\/cincinatos.org\/portal\/wp-json\/wp\/v2\/posts\/953\/revisions"}],"predecessor-version":[{"id":955,"href":"https:\/\/cincinatos.org\/portal\/wp-json\/wp\/v2\/posts\/953\/revisions\/955"}],"wp:attachment":[{"href":"https:\/\/cincinatos.org\/portal\/wp-json\/wp\/v2\/media?parent=953"}],"wp:term":[{"taxonomy":"category","embeddable":true,"href":"https:\/\/cincinatos.org\/portal\/wp-json\/wp\/v2\/categories?post=953"},{"taxonomy":"post_tag","embeddable":true,"href":"https:\/\/cincinatos.org\/portal\/wp-json\/wp\/v2\/tags?post=953"}],"curies":[{"name":"wp","href":"https:\/\/api.w.org\/{rel}","templated":true}]}}