{"id":959,"date":"2023-06-27T07:25:31","date_gmt":"2023-06-27T07:25:31","guid":{"rendered":"https:\/\/cincinatos.org\/portal\/?p=959"},"modified":"2023-06-27T07:25:31","modified_gmt":"2023-06-27T07:25:31","slug":"sobre-el-escepticismo-politico","status":"publish","type":"post","link":"https:\/\/cincinatos.org\/portal\/sobre-el-escepticismo-politico\/","title":{"rendered":"Sobre el escepticismo pol\u00edtico"},"content":{"rendered":"<div class=\"body\">\n<p><img decoding=\"async\" class=\"aligncenter\" src=\"https:\/\/imagenes.heraldo.es\/files\/gallery_desktop_default_content\/files\/fp\/uploads\/imagenes\/2019\/06\/18\/el-rey-con-cuatro-expresidentes-en-el-patronato-del-real-instituto-elcano.r_d.2208-1480.jpeg\" alt=\"El Rey, con cuatro expresidentes en el Patronato del Real Instituto Elcano.\" \/><\/p>\n<p><strong><img decoding=\"async\" src=\"https:\/\/s.libertaddigital.com\/images\/trans.png\" alt=\"\u00bfAlguno de estos aspirantes nos ha detallado qu\u00e9\u00a0va a hacer tras el 23 de julio, con qu\u00e9 fechas, con qu\u00e9 ritmo y con qu\u00e9 m\u00e9todos? \u00bfNo? Pues eso.\" \/>Art\u00edculo de Pedro de Tena<\/strong><\/p>\n<p>Con\u00a0Adolfo Su\u00e1rez, probablemente el gobernante m\u00e1s eficaz y humilde que hayamos conocido, no nos dio tiempo a dudar. Lo que hizo aquel equipo, con sus defectos, es lo mejor que haya vivido Espa\u00f1a en los dos \u00faltimos siglos y, por si fuera poco, tuvo como consecuencia un incremento del bienestar de toda la poblaci\u00f3n. La democracia, falsa o no, que devino mejor\u00f3 la vida de las generaciones desde 1976 continuando el progreso econ\u00f3mico que logr\u00f3 Franco, que de una Espa\u00f1a en ruinas forj\u00f3 una potencia europea.<\/p>\n<p>El desencanto vino despu\u00e9s. No es algo nuevo en una Espa\u00f1a que ya vivi\u00f3 una primera etapa de desencanto tras los 100 a\u00f1os de honradez, los 40 de vacaciones que se\u00f1al\u00f3 el malvado Ram\u00f3n Tamames, el ganador de la moci\u00f3n de censura, y los 13 de corrupci\u00f3n socialista abrumadora. Vino Aznar y lo primero fue patear el culo de\u00a0Alejo Vidal Quadras\u00a0aclar\u00e1ndonos a todos que primero era el poder y luego los principios. Lo de Zapatero no es que nos desencantara sino que nos asque\u00f3, por su forma de llegar al gobierno, Rubalcaba de por medio y su mala fe, y por su hoja de ruta felona destrozando la soberan\u00eda nacional y la verg\u00fcenza moral.<\/p>\n<p>Con\u00a0Rajoy\u00a0lleg\u00f3 la nada. Con m\u00e1s poder que nadie tuvo jam\u00e1s en la democracia espa\u00f1ola, no cambi\u00f3 nada, no reform\u00f3 nada, no mejor\u00f3 m\u00e1s que la econom\u00eda de los de siempre y entreg\u00f3 Espa\u00f1a, por la cara, que tuvo alternativa, a un insensato que nos ha conducido a un infierno moral mentira tras mentira.<\/p>\n<p>\u00bfQu\u00e9 puede serse hoy m\u00e1s que un esc\u00e9ptico en materia de pol\u00edtica? El servicio p\u00fablico, que no es otra cosa que servicio al p\u00fablico, se ha convertido desde hace d\u00e9cadas en un ejercicio de mala voluntad. Si la buena voluntad era para Kant lo \u00fanico que pod\u00eda llamarse bueno en el mundo, la mala es lo \u00fanico que sabemos es mala de verdad. Mentir, hacer lo contrario de lo que se dijo, servir a intereses privados a cambio de dinero, presente o futuro, situar a los ciudadanos en el \u00faltimo culo de la realidad, no tener ni puta idea de casi nada, no disponer de la grandeza de un proyecto para la convivencia de la naci\u00f3n..<!--more--><img decoding=\"async\" class=\"aligncenter\" src=\"https:\/\/blogger.googleusercontent.com\/img\/b\/R29vZ2xl\/AVvXsEhJkJQtwh_gj7m0EW2ITxAfY_rn-yINZORJqTY1cRJ-9el9iO01miEhmKCbPy28FsVNSHjyPk1lDWjyZWndTgefJZ3aJ0C6FWkA1IL-1d8S5rnyI6m62H9z7uAJ16bBugVBwQuYD-6aB122HPPzkYSVm_2E5gG8Dfq1poxk8UbIGm_j_AxRFs4mlvTJ\/s320\/cincinatos.jpg\" \/><\/p>\n<\/div>\n","protected":false},"excerpt":{"rendered":"<p>Art\u00edculo de Pedro de Tena Con\u00a0Adolfo Su\u00e1rez, probablemente el gobernante m\u00e1s eficaz y humilde que hayamos conocido, no nos dio tiempo a dudar. Lo que hizo aquel equipo, con sus defectos, es lo mejor que haya vivido Espa\u00f1a en los dos \u00faltimos siglos y, por si fuera poco, tuvo como consecuencia un incremento del bienestar &#8230; <a title=\"Sobre el escepticismo pol\u00edtico\" class=\"read-more\" href=\"https:\/\/cincinatos.org\/portal\/sobre-el-escepticismo-politico\/\" aria-label=\"M\u00e1s en Sobre el escepticismo pol\u00edtico\">Leer m\u00e1s<\/a><\/p>\n","protected":false},"author":8,"featured_media":0,"comment_status":"open","ping_status":"open","sticky":false,"template":"","format":"standard","meta":[],"categories":[81,218,43,42],"tags":[30,189,56,191],"_links":{"self":[{"href":"https:\/\/cincinatos.org\/portal\/wp-json\/wp\/v2\/posts\/959"}],"collection":[{"href":"https:\/\/cincinatos.org\/portal\/wp-json\/wp\/v2\/posts"}],"about":[{"href":"https:\/\/cincinatos.org\/portal\/wp-json\/wp\/v2\/types\/post"}],"author":[{"embeddable":true,"href":"https:\/\/cincinatos.org\/portal\/wp-json\/wp\/v2\/users\/8"}],"replies":[{"embeddable":true,"href":"https:\/\/cincinatos.org\/portal\/wp-json\/wp\/v2\/comments?post=959"}],"version-history":[{"count":1,"href":"https:\/\/cincinatos.org\/portal\/wp-json\/wp\/v2\/posts\/959\/revisions"}],"predecessor-version":[{"id":960,"href":"https:\/\/cincinatos.org\/portal\/wp-json\/wp\/v2\/posts\/959\/revisions\/960"}],"wp:attachment":[{"href":"https:\/\/cincinatos.org\/portal\/wp-json\/wp\/v2\/media?parent=959"}],"wp:term":[{"taxonomy":"category","embeddable":true,"href":"https:\/\/cincinatos.org\/portal\/wp-json\/wp\/v2\/categories?post=959"},{"taxonomy":"post_tag","embeddable":true,"href":"https:\/\/cincinatos.org\/portal\/wp-json\/wp\/v2\/tags?post=959"}],"curies":[{"name":"wp","href":"https:\/\/api.w.org\/{rel}","templated":true}]}}