{"id":963,"date":"2023-11-23T12:36:44","date_gmt":"2023-11-23T12:36:44","guid":{"rendered":"https:\/\/cincinatos.org\/portal\/?p=963"},"modified":"2023-11-27T12:55:06","modified_gmt":"2023-11-27T12:55:06","slug":"el-muro","status":"publish","type":"post","link":"https:\/\/cincinatos.org\/portal\/el-muro\/","title":{"rendered":"El muro"},"content":{"rendered":"<h3 class=\"post-title entry-title\"><img decoding=\"async\" class=\"sFlh5c pT0Scc iPVvYb\" src=\"https:\/\/cloudfront-eu-central-1.images.arcpublishing.com\/prisaradio\/4DRRXOZVFTHSLUT2CXNSRDPAFE.jpg\" alt=\"Esta es la mejor! \u00a1Esta es muy buena!&quot;: Pedro S\u00e1nchez se parte de risa al  recordar una frase de Alberto N\u00fa\u00f1ez Feij\u00f3o | Actualidad | Cadena SER\" aria-hidden=\"false\" \/><\/h3>\n<div class=\"post-header\">\n<div class=\"post-header-line-1\"><strong>Art\u00edculo de Jos\u00e9 Luis Rold\u00e1n\/Max Estrella<\/strong><\/div>\n<div><\/div>\n<\/div>\n<div id=\"post-body-9176322934039001856\" class=\"post-body entry-content\">\n<div><i>Pero hoy, cuando es la luz del alba<\/i><\/div>\n<div><i>como la espuma sucia, estoy aqu\u00ed<\/i><\/div>\n<div><i>velando mis armas derrotadas.<\/i><\/div>\n<div>(\u00c1ngel Gonz\u00e1lez)<\/div>\n<p align=\"justify\">Dec\u00eda Montaigne que el destierro de la verdad es el primer s\u00edntoma de la corrupci\u00f3n de las costumbres. Lamentablemente, ya hemos tenido ocasi\u00f3n de comprobarlo con un Gobierno de mentirosos, presidido por el m\u00e1s mendaz de todos ellos; tan falaz que, como dijo Quevedo, sus obras y sus palabras jam\u00e1s han tenido comercio, ni se aunaron nunca su boca y sus hechos, y que, para colmo, parece haber mamado hasta doctorarse la doctrina totalitaria, que Orwell revel\u00f3 en su\u00a0<i>1984<\/i>: \u201c\u2026<i>el acto esencial del Partido es el empleo del enga\u00f1o consciente, conservando a la vez la firmeza de prop\u00f3sito que caracteriza a la aut\u00e9ntica honradez (\u2026), manteniendo la mentira siempre unos pasos delante de la verdad<\/i>\u201d. Ya hemos se\u00f1alado en alguna otra ocasi\u00f3n que toda forma de totalitarismo comienza invariablemente as\u00ed, corrompiendo el lenguaje, haciendo trampas a la realidad de los hechos para acomodarlos a sus deseos;\u00a0<i>reescribiendo continuamente la historia. Esta falsificaci\u00f3n diaria del pasado, realizada por el Ministerio de la Verdad, es tan imprescindible para la estabilidad del r\u00e9gimen como la represi\u00f3n\u2026; control de la realidad, que en la neolengua se llama doblepensar,<\/i>\u00a0como se\u00f1alaba Orwell; qu\u00e9 desgraciado paralelismo con lo que ahora padecemos. Todo ello, como paso previo y necesario para corromper las costumbres, las leyes y, en \u00faltima instancia, las personas, hasta convertirlas en\u00a0<i>rameras complacientes<\/i>, en expresi\u00f3n de Roa Bastos; porque, seg\u00fan sentencia Quevedo,\u00a0<i>todo pueblo idiotizado es seguridad del tirano, ama la barbarie y pone su conservaci\u00f3n en la tiran\u00eda y en la ignorancia, aborreciendo la gloria de las letras y la justicia de las leyes<\/i>; y no nos cansaremos de repetirlo, tal es lo que sucede: aqu\u00ed la tiran\u00eda se sustenta tambi\u00e9n con el benepl\u00e1cito de una masa aborregada y ciega, que se deja enga\u00f1ar gustosamente;\u00a0<i>las masas adoran el poder<\/i>, dec\u00eda T\u00f3lstoi.<\/p>\n<p align=\"justify\">As\u00ed, de tal modo, corrompiendo la verdad y retorciendo el lenguaje, hemos constatado c\u00f3mo para el aut\u00f3crata S\u00e1nchez y los que lo sostienen, propician y se benefician de su despotismo, convivencia significa hostilidad y confrontaci\u00f3n; democracia, dictadura; inclusi\u00f3n, rechazo y desprecio; igualdad, discriminaci\u00f3n y privilegios; pluralismo, intolerancia; etc.<\/p>\n<p align=\"justify\">Convencido de que el \u00e9xito es la justificaci\u00f3n de todos los medios, por vergonzosos que sean estos, como advirtiera Balzac, se ha instituido dictador -me remito a sus propias palabras, no s\u00f3lo a sus hechos-, sometiendo a su voluntad y a sus designios a los dem\u00e1s poderes del Estado, y a costa de la dignidad de la Naci\u00f3n y de la ruina de la democracia, y ha erigido un muro, imaginario por ahora, que separa los buenos de los malos; por supuesto, los buenos son los suyos. A un lado, ha colocado a feministas, sindicalistas, migrantes, lobby LGTBI y, por supuesto, a los de su banda pol\u00edtica: socialistas, independentistas, golpistas y filoterroristas. Al otro lado, a todos aquellos que se oponen a sus desp\u00f3ticos prop\u00f3sitos, a sus pactos con los independentistas, a la amnist\u00eda de los golpistas, a la desmembraci\u00f3n de la Patria, a la desigualdad entre los espa\u00f1oles por raz\u00f3n del territorio en el que vivan, estigmatizados todos ellos con la etiqueta de derecha reaccionaria, derecha conservadora, ultraderecha o, simplemente, los fachas, privados por esencia de legitimidad para el gobierno, y despose\u00eddos sus votantes de los derechos -que no de las obligaciones, sobre todo fiscales- inherentes a la ciudadan\u00eda. Para vivir habr\u00e1 que ser rojo, si no estar\u00e1 uno perdido; no lo digo yo, fueron palabras premonitorias de Baroja.<\/p>\n<p align=\"justify\">No hace mucho me parec\u00eda exagerado que Rosa D\u00edez y alguna otra personalidad relevante de la vida p\u00fablica, incluso el famoso padre Mundina, considerasen que S\u00e1nchez es un psic\u00f3pata. Hoy, tras su autoproclamaci\u00f3n como Gran Arquitecto del nuevo Muro de la verg\u00fcenza, ya no albergo duda alguna. Su discurso de investidura me hizo recordar a Maese Juan, el verdugo de Madrid en tiempos del rey fel\u00f3n -resulta curioso el parecido de ambos felones, Fernando VII y Perros\u00e1nchez I: ambos declarando histri\u00f3nicamente su prop\u00f3sito de marchar los primeros por la senda constitucional y, tras ellos, la chusma complaciente gritando\u00a0<i>\u00a1Vivan las caenas!<\/i>-, pues, como aqu\u00e9l, el verdugo, es tal la fuerza de su ego\u00edsmo que al escucharle da la impresi\u00f3n de que habita un mundo sin gente, seg\u00fan refer\u00eda Baroja.<\/p>\n<p align=\"justify\">Lo que no ha dejado claro nuestro actual fel\u00f3n, es qu\u00e9 tipo de muro levantar\u00e1. Qui\u00e9n dentro y qui\u00e9n fuera. Si muro prisi\u00f3n o muro para\u00edso socialista. Si muro para que no entremos o muro para que los suyos no huyan. Aunque, bien mirado, da lo mismo. Pues queda claro lo esencial: El despotismo s\u00f3lo conoce una regla: la fuerza, como dijo Asimov. La sociedad espa\u00f1ola ha fenecido, pues donde la fuerza, enemiga de la raz\u00f3n, se impone, la justicia se desvanece; y, como dijo San Agust\u00edn, donde no hay justicia, no hay sociedad (<i>nom esse republicam<\/i>, en bella expresi\u00f3n latina). La dictadura sanchista ya ha colocado las primeras piedras de su Muro cainita. Est\u00e1 ya en marcha, precipitadamente, su erecci\u00f3n. R\u00e9quiem por Espa\u00f1a y la Naci\u00f3n espa\u00f1ola, si no lo impedimos.<\/p>\n<p align=\"justify\">Y, disc\u00falpeme el lector, si sigo empecinado en una idea: El Monarca mudo.<\/p>\n<p align=\"justify\">Yerra, a mi juicio, en su idea de una exquisita neutralidad y no injerencia; cuando, en un momento como \u00e9ste, los principios democr\u00e1ticos que fundamentan nuestro Estado de Derecho, como son la divisi\u00f3n de poderes, la primac\u00eda de la ley, la igualdad entre todos los espa\u00f1oles, la soberan\u00eda nacional, el pluralismo pol\u00edtico y la indisoluble unidad de la Naci\u00f3n espa\u00f1ola, est\u00e1n en grave riesgo. Su defensa y la de esa media Espa\u00f1a, contra la que el d\u00e9spota de la Moncloa ha declarado de forma manifiesta su repulsa y hostilidad, merecen, al menos, unas palabras. O \u00bfacaso no es el momento que vivimos tan grave ahora, o m\u00e1s, incluso, que en el a\u00f1o 2017? Y si entonces lo hizo, \u00bfpor qu\u00e9 no ahora, cuando la Constituci\u00f3n corre tan serio peligro a manos de un aut\u00f3crata? \u00bfAcaso todas las instituciones y colectivos que han alertado del grave momento que vivimos -Consejo General del Poder Judicial, Tribunal Supremo, asociaciones de jueces y fiscales, magistrados, fiscales, altos cuerpos funcionariales, empresarios, sindicatos, medios de comunicaci\u00f3n, periodistas, ciudadanos respetables y notables, el pueblo en la calle, etc.- son unos fr\u00edvolos o unos sectarios? \u00bfO tendremos que suponer amargamente que la Corona representa, igual que el Gobierno, ya s\u00f3lo a media Espa\u00f1a?<\/p>\n<p align=\"justify\">Tal vez, cuando pretenda hablar, y enmendar su tibieza, si no su cobard\u00eda, sea tarde y ya no pueda. La media Espa\u00f1a a la que con su silencio satisface y defiende, es la que lo desprecia. La otra media que lo apoya es a la que defrauda. Su silencio alienta y reconforta a los primeros, en la misma medida en que acongoja y desampara a los segundos. Puede suceder que termine qued\u00e1ndose solo. Y puede suceder que la cosa acabe como en el relato de Bulg\u00e1kov:\u00a0<i>Por fin el rey blanco comprendi\u00f3 qu\u00e9 esperaban de \u00e9l. Arroj\u00f3 su manto y sali\u00f3 corriendo del tablero. El alfil se ech\u00f3 el manto del rey sobre los hombros y ocup\u00f3 su casilla<\/i>; y, a\u00f1adir\u00eda yo, con palabras de Stendhal,\u00a0<i>sin m\u00e1s expresi\u00f3n que la de un jabal\u00ed traicionero<\/i>.<\/p>\n<p align=\"justify\">El Rey parece no ser consciente de que el d\u00e9spota que nos gobierna ha incurrido ya en diversos lapsus freudianos que ponen de manifiesto sus ansias de usurpar el papel de rey, pues, como dijo Baroja, une a su desmesurada ambici\u00f3n la vanidad de todos los zapateros encumbrados. As\u00ed pues, que se ande con cuidado, pues S\u00e1nchez, el d\u00e9spota, aunque estoy seguro de que no ha le\u00eddo a Mija\u00edl Bulg\u00e1kov, aguarda sagaz la ocasi\u00f3n para revestirse de armi\u00f1o; ocasi\u00f3n que \u00e9l y los suyos andan afanosamente propiciando.<\/p>\n<p align=\"right\">Negro noviembre del a\u00f1o 2023<\/p>\n<p align=\"right\"><img decoding=\"async\" class=\"aligncenter\" src=\"https:\/\/blogger.googleusercontent.com\/img\/b\/R29vZ2xl\/AVvXsEhJkJQtwh_gj7m0EW2ITxAfY_rn-yINZORJqTY1cRJ-9el9iO01miEhmKCbPy28FsVNSHjyPk1lDWjyZWndTgefJZ3aJ0C6FWkA1IL-1d8S5rnyI6m62H9z7uAJ16bBugVBwQuYD-6aB122HPPzkYSVm_2E5gG8Dfq1poxk8UbIGm_j_AxRFs4mlvTJ\/s320\/cincinatos.jpg\" \/><\/p>\n<\/div>\n","protected":false},"excerpt":{"rendered":"<p>Art\u00edculo de Jos\u00e9 Luis Rold\u00e1n\/Max Estrella Pero hoy, cuando es la luz del alba como la espuma sucia, estoy aqu\u00ed velando mis armas derrotadas. (\u00c1ngel Gonz\u00e1lez) Dec\u00eda Montaigne que el destierro de la verdad es el primer s\u00edntoma de la corrupci\u00f3n de las costumbres. Lamentablemente, ya hemos tenido ocasi\u00f3n de comprobarlo con un Gobierno de &#8230; <a title=\"El muro\" class=\"read-more\" href=\"https:\/\/cincinatos.org\/portal\/el-muro\/\" aria-label=\"M\u00e1s en El muro\">Leer m\u00e1s<\/a><\/p>\n","protected":false},"author":8,"featured_media":0,"comment_status":"open","ping_status":"open","sticky":false,"template":"","format":"standard","meta":[],"categories":[72,109,5,218,83],"tags":[166,55,58],"_links":{"self":[{"href":"https:\/\/cincinatos.org\/portal\/wp-json\/wp\/v2\/posts\/963"}],"collection":[{"href":"https:\/\/cincinatos.org\/portal\/wp-json\/wp\/v2\/posts"}],"about":[{"href":"https:\/\/cincinatos.org\/portal\/wp-json\/wp\/v2\/types\/post"}],"author":[{"embeddable":true,"href":"https:\/\/cincinatos.org\/portal\/wp-json\/wp\/v2\/users\/8"}],"replies":[{"embeddable":true,"href":"https:\/\/cincinatos.org\/portal\/wp-json\/wp\/v2\/comments?post=963"}],"version-history":[{"count":1,"href":"https:\/\/cincinatos.org\/portal\/wp-json\/wp\/v2\/posts\/963\/revisions"}],"predecessor-version":[{"id":964,"href":"https:\/\/cincinatos.org\/portal\/wp-json\/wp\/v2\/posts\/963\/revisions\/964"}],"wp:attachment":[{"href":"https:\/\/cincinatos.org\/portal\/wp-json\/wp\/v2\/media?parent=963"}],"wp:term":[{"taxonomy":"category","embeddable":true,"href":"https:\/\/cincinatos.org\/portal\/wp-json\/wp\/v2\/categories?post=963"},{"taxonomy":"post_tag","embeddable":true,"href":"https:\/\/cincinatos.org\/portal\/wp-json\/wp\/v2\/tags?post=963"}],"curies":[{"name":"wp","href":"https:\/\/api.w.org\/{rel}","templated":true}]}}