{"id":965,"date":"2023-11-27T13:00:27","date_gmt":"2023-11-27T13:00:27","guid":{"rendered":"https:\/\/cincinatos.org\/portal\/?p=965"},"modified":"2023-11-27T13:00:27","modified_gmt":"2023-11-27T13:00:27","slug":"impunidad-por-investidura-corrupcion","status":"publish","type":"post","link":"https:\/\/cincinatos.org\/portal\/impunidad-por-investidura-corrupcion\/","title":{"rendered":"Impunidad por investidura: corrupci\u00f3n"},"content":{"rendered":"<div class=\"separator\"><a href=\"https:\/\/blogger.googleusercontent.com\/img\/b\/R29vZ2xl\/AVvXsEji7M5xpx-CjjqofJwncS50B6mP9mU8-YgFz4mQqW1RJY-sbQXg7rqS4zXTn933TMrkXUblwmO-kLhOy6bBXoJZ7q5tc_nIiA2NlYFQoe2cc0zv6IcyALBp4WttI6E7ybebzYg1ViZk46Q4D2Pt0cA_y6ENu6O8dZ7ILGnwmNpOsVaL3DiITSjp1oVRn7w\/s1619\/IMG_1779%20(1).JPG\"><img decoding=\"async\" loading=\"lazy\" class=\"aligncenter\" src=\"https:\/\/blogger.googleusercontent.com\/img\/b\/R29vZ2xl\/AVvXsEji7M5xpx-CjjqofJwncS50B6mP9mU8-YgFz4mQqW1RJY-sbQXg7rqS4zXTn933TMrkXUblwmO-kLhOy6bBXoJZ7q5tc_nIiA2NlYFQoe2cc0zv6IcyALBp4WttI6E7ybebzYg1ViZk46Q4D2Pt0cA_y6ENu6O8dZ7ILGnwmNpOsVaL3DiITSjp1oVRn7w\/w640-h426\/IMG_1779%20(1).JPG\" width=\"640\" height=\"426\" border=\"0\" data-original-height=\"1080\" data-original-width=\"1619\" \/><\/a><\/div>\n<p><b>Art\u00edculo de Luis Mar\u00edn Sicilia\u00a0<\/b><\/p>\n<p>Desde que S\u00e1nchez hizo de la necesidad virtud, comprando los siete votos del golpismo catal\u00e1n a cambio de su investidura, el pa\u00eds ha entrado en una din\u00e1mica de recelos, incertidumbre y convulsi\u00f3n social que va m\u00e1s all\u00e1 de la mera constitucionalidad o no de la amnist\u00eda privilegiada a unos delincuentes, que dejar\u00edan de serlo en cuanto tal medida entrara en vigor, a cambio de poner en entredicho la conducta de todas las instituciones, empezando por la judicial y acabando por la Corona, que hicieron frente, con todas las herramientas legales, a la asonada de los sediciosos.<br \/>\n<!--more--><br \/>\nLa cuesti\u00f3n jur\u00eddica parece ser controvertida para algunos, especialmente para algunos desahogados que despachan el tema, en beneficio propio, defendiendo sin despeinarse que lo que antes era negro ahora ha devenido blanco resplandeciente. Siempre suele ocurrir cuando el inter\u00e9s particular se antepone al general y el encargado de administrar este carece de escr\u00fapulos.<\/p>\n<p>Jur\u00eddicamente el tema debiera estar tan claro como opinan los juristas de mayor prestigio, para los cuales en el derecho p\u00fablico s\u00f3lo se puede hacer aquello que est\u00e1 permitido por la norma, a diferencia del derecho privado donde todo lo que no est\u00e1 expresamente prohibido es l\u00edcito. En consecuencia, la Constituci\u00f3n espa\u00f1ola regula el derecho de gracia en su art\u00edculo 62, en el cual se reconoce al Rey \u201cel ejercicio del derecho de gracia con arreglo a la ley, que no podr\u00e1 autorizar indultos generales\u201d. Si el art\u00edculo que regula el derecho de gracia no incluye la amnist\u00eda es porque la misma no cabe en nuestro derecho p\u00fablico, seg\u00fan la filosof\u00eda limitativa de sus atribuciones a la que nos hemos referido. Argumento al que se podr\u00edan a\u00f1adir otros dos esgrimidos por eminentes constitucionalistas: uno, que la voluntad de los constituyentes fue expresa en la materia, al rechazar dos enmiendas que pretend\u00edan introducir la amnist\u00eda dentro de las medidas de gracia. Y otro, que al prohibir la Constituci\u00f3n los indultos generales, con m\u00e1s raz\u00f3n estaba impl\u00edcitamente excluyendo la amnist\u00eda que no solo borra la pena sino que tambi\u00e9n olvida el delito. Quien no puede lo menos, no puede lo m\u00e1s.<\/p>\n<p>Sin embargo, a nivel popular, la contestaci\u00f3n a esta anunciada medida tiene m\u00e1s ra\u00edces sociol\u00f3gicas y morales que jur\u00eddicas. La ciudadan\u00eda se ha echado a la calle, al margen de su legalidad o no, por la inmoralidad de una amnist\u00eda en la que se ha pactado impunidad a cambio de investidura. Simplificando, equivale a comprar los votos de todos los presos, si estos sumaran la mayor\u00eda, a cambio de dejarlos libres y limpios de antecedentes. Y esto es un esc\u00e1ndalo de tan enorme dimensi\u00f3n que pone en riesgo sin duda los principios democr\u00e1ticos de justicia e igualdad, lo que dejar\u00e1 tocados, para los restos, cualquier pretensi\u00f3n de equiparar a Espa\u00f1a con un Estado de derecho donde todos los ciudadanos son iguales ante la ley.<\/p>\n<p>La pretendida ley es inmoral y es indecente, es <b>un caso flagrante de corrupci\u00f3n pol\u00edtica porque procura obtener una ventaja o beneficio,<\/b> no s\u00f3lo para los delincuentes beneficiarios; sino tambi\u00e9n para la autoridad que la promulga, haciendo un mal uso del poder p\u00fablico en beneficio propio. Es la ambici\u00f3n de ser presidente del Gobierno a cualquier precio que no es, como pretende, hacer de la necesidad virtud, sino caer en el vicio de utilizar las funciones y medios del poder en provecho propio. Es uno de los casos m\u00e1s nauseabundos del ejercicio del poder que motiva, sin ning\u00fan tipo de duda, las protestas de una sociedad que est\u00e1 m\u00e1s viva de lo que los populistas de todos los colores hubieran pensado.<\/p>\n<p>Una sociedad en defensa de la libertad, la justicia y la igualdad, que est\u00e1 al otro lado del muro que el eg\u00f3latra ha levantado y que terminar\u00e1 por ganar esta batalla contra el privilegio, la exclusi\u00f3n y la corrupci\u00f3n.<\/p>\n<p>&nbsp;<\/p>\n<div class=\"separator\"><a href=\"https:\/\/blogger.googleusercontent.com\/img\/b\/R29vZ2xl\/AVvXsEhvLdTsJwnesaf2xn1KmUyYJu-NL9aK-iz39Eze9O1h6bIZT_HdvSfB7giix9fETpsHMJ4kzr9GtiEiYeyRtEckO4GVDmg2bHf3cD52xicGHS_1u1LHCI_TPtVDcIMUZBw9HLNfibmqeByCjnW2o9HvtT5eENbbqEDEL2EKtEBdl5xAsAooehzP0PI-fQY\/s639\/cincinatos.jpg\"><img decoding=\"async\" loading=\"lazy\" class=\"aligncenter\" src=\"https:\/\/blogger.googleusercontent.com\/img\/b\/R29vZ2xl\/AVvXsEhvLdTsJwnesaf2xn1KmUyYJu-NL9aK-iz39Eze9O1h6bIZT_HdvSfB7giix9fETpsHMJ4kzr9GtiEiYeyRtEckO4GVDmg2bHf3cD52xicGHS_1u1LHCI_TPtVDcIMUZBw9HLNfibmqeByCjnW2o9HvtT5eENbbqEDEL2EKtEBdl5xAsAooehzP0PI-fQY\/s320\/cincinatos.jpg\" width=\"320\" height=\"320\" border=\"0\" data-original-height=\"639\" data-original-width=\"639\" \/><\/a><\/div>\n","protected":false},"excerpt":{"rendered":"<p>Art\u00edculo de Luis Mar\u00edn Sicilia\u00a0 Desde que S\u00e1nchez hizo de la necesidad virtud, comprando los siete votos del golpismo catal\u00e1n a cambio de su investidura, el pa\u00eds ha entrado en una din\u00e1mica de recelos, incertidumbre y convulsi\u00f3n social que va m\u00e1s all\u00e1 de la mera constitucionalidad o no de la amnist\u00eda privilegiada a unos delincuentes, &#8230; <a title=\"Impunidad por investidura: corrupci\u00f3n\" class=\"read-more\" href=\"https:\/\/cincinatos.org\/portal\/impunidad-por-investidura-corrupcion\/\" aria-label=\"M\u00e1s en Impunidad por investidura: corrupci\u00f3n\">Leer m\u00e1s<\/a><\/p>\n","protected":false},"author":8,"featured_media":0,"comment_status":"open","ping_status":"open","sticky":false,"template":"","format":"standard","meta":[],"categories":[32],"tags":[205,166,55,220],"_links":{"self":[{"href":"https:\/\/cincinatos.org\/portal\/wp-json\/wp\/v2\/posts\/965"}],"collection":[{"href":"https:\/\/cincinatos.org\/portal\/wp-json\/wp\/v2\/posts"}],"about":[{"href":"https:\/\/cincinatos.org\/portal\/wp-json\/wp\/v2\/types\/post"}],"author":[{"embeddable":true,"href":"https:\/\/cincinatos.org\/portal\/wp-json\/wp\/v2\/users\/8"}],"replies":[{"embeddable":true,"href":"https:\/\/cincinatos.org\/portal\/wp-json\/wp\/v2\/comments?post=965"}],"version-history":[{"count":1,"href":"https:\/\/cincinatos.org\/portal\/wp-json\/wp\/v2\/posts\/965\/revisions"}],"predecessor-version":[{"id":966,"href":"https:\/\/cincinatos.org\/portal\/wp-json\/wp\/v2\/posts\/965\/revisions\/966"}],"wp:attachment":[{"href":"https:\/\/cincinatos.org\/portal\/wp-json\/wp\/v2\/media?parent=965"}],"wp:term":[{"taxonomy":"category","embeddable":true,"href":"https:\/\/cincinatos.org\/portal\/wp-json\/wp\/v2\/categories?post=965"},{"taxonomy":"post_tag","embeddable":true,"href":"https:\/\/cincinatos.org\/portal\/wp-json\/wp\/v2\/tags?post=965"}],"curies":[{"name":"wp","href":"https:\/\/api.w.org\/{rel}","templated":true}]}}